{"id":9569,"date":"2026-09-04T14:08:20","date_gmt":"2026-09-04T14:08:20","guid":{"rendered":"https:\/\/arno.org.mk\/uncategorized-sq\/balkan-green-ideas-2026-national-call%f0%9f%87%b2%f0%9f%87%b0\/"},"modified":"2026-09-01T14:08:20","modified_gmt":"2026-09-01T14:08:20","slug":"balkan-green-ideas-2026-national-call%f0%9f%87%b2%f0%9f%87%b0","status":"publish","type":"post","link":"https:\/\/arno.org.mk\/sq\/lajme\/balkan-green-ideas-2026-national-call%f0%9f%87%b2%f0%9f%87%b0\/","title":{"rendered":"Balkan Green Ideas 2026 \u2014 National Call\ud83c\uddf2\ud83c\uddf0"},"content":{"rendered":"<p>Ky postim \u00ebsht\u00eb i disponuesh\u00ebm vet\u00ebm <a href=\"https:\/\/arno.org.mk\/sq\/news\/balkan-green-ideas-2026-national-call%f0%9f%87%b2%f0%9f%87%b0\/\" target=\"_blank\" rel=\"noopener\">n\u00eb gjuh\u00ebn angleze.<\/a><\/p>\n","protected":false},"excerpt":{"rendered":"<p>Ky postim \u00ebsht\u00eb i disponuesh\u00ebm vet\u00ebm n\u00eb gjuh\u00ebn angleze. [&#8230;]<\/p>\n<p><a class=\"btn btn-secondary understrap-read-more-link\" href=\"https:\/\/arno.org.mk\/sq\/lajme\/balkan-green-ideas-2026-national-call%f0%9f%87%b2%f0%9f%87%b0\/\">Read More&#8230;<\/a><\/p>\n","protected":false},"author":2,"featured_media":9542,"comment_status":"closed","ping_status":"closed","sticky":false,"template":"","format":"standard","meta":{"_acf_changed":false,"footnotes":""},"categories":[25],"tags":[81,136,130,95,97,200,212,202,217,213,231,191,145],"class_list":["post-9569","post","type-post","status-publish","format-standard","has-post-thumbnail","hentry","category-lajme","tag-bizneset-sociale","tag-circular-economy-sq","tag-circulareconomy-sq","tag-doughnut-economics-sq","tag-ekonomia-e-gjelber","tag-green-bussines","tag-green-entrepreneurship-sq","tag-impact-bussines","tag-impact-enterprise-sq","tag-impact-investing-sq","tag-social-economy","tag-social-entrepreneurship-sq","tag---sq"],"acf":[],"yoast_head":"<!-- This site is optimized with the Yoast SEO plugin v28.4 - https:\/\/yoast.com\/product\/yoast-seo-wordpress\/ -->\n<title>Balkan Green Ideas 2026 \u2014 National Call | ARNO<\/title>\n<meta name=\"description\" content=\"Apliko p\u00ebr Thirrjen Komb\u00ebtare t\u00eb Ideve t\u00eb Gjelbra t\u00eb Ballkanit 2026 (Balkan Green Ideas 2026) n\u00eb Maqedonin\u00eb e Veriut. Grante rajonale deri n\u00eb 20,000 dollar\u00eb p\u00ebr ide biznesi t\u00eb gjelbra. Afati i fundit: 16 shtator 2026.\" \/>\n<meta name=\"robots\" content=\"index, follow, max-snippet:-1, max-image-preview:large, max-video-preview:-1\" \/>\n<link rel=\"canonical\" href=\"https:\/\/arno.org.mk\/sq\/lajme\/balkan-green-ideas-2026-national-call%f0%9f%87%b2%f0%9f%87%b0\/\" \/>\n<meta property=\"og:locale\" content=\"sq_AL\" \/>\n<meta property=\"og:type\" content=\"article\" \/>\n<meta property=\"og:title\" content=\"Balkan Green Ideas 2026 \u2014 National Call | ARNO\" \/>\n<meta property=\"og:description\" content=\"Apliko p\u00ebr Thirrjen Komb\u00ebtare t\u00eb Ideve t\u00eb Gjelbra t\u00eb Ballkanit 2026 (Balkan Green Ideas 2026) n\u00eb Maqedonin\u00eb e Veriut. Grante rajonale deri n\u00eb 20,000 dollar\u00eb p\u00ebr ide biznesi t\u00eb gjelbra. Afati i fundit: 16 shtator 2026.\" \/>\n<meta property=\"og:url\" content=\"https:\/\/arno.org.mk\/sq\/lajme\/balkan-green-ideas-2026-national-call%f0%9f%87%b2%f0%9f%87%b0\/\" \/>\n<meta property=\"og:site_name\" content=\"ARNO\" \/>\n<meta property=\"article:publisher\" content=\"https:\/\/www.facebook.com\/ARNO.Social.Innovation\" \/>\n<meta property=\"article:published_time\" content=\"2026-09-04T14:08:20+00:00\" \/>\n<meta property=\"og:image\" content=\"https:\/\/arno.org.mk\/wp-content\/uploads\/2026\/09\/ARNO-call-website.png\" \/>\n\t<meta property=\"og:image:width\" content=\"1366\" \/>\n\t<meta property=\"og:image:height\" content=\"768\" \/>\n\t<meta property=\"og:image:type\" content=\"image\/png\" \/>\n<meta name=\"author\" content=\"Irina Janevska\" \/>\n<meta name=\"twitter:card\" content=\"summary_large_image\" \/>\n<meta name=\"twitter:creator\" content=\"@ARNO_mkd\" \/>\n<meta name=\"twitter:site\" content=\"@ARNO_mkd\" \/>\n<meta name=\"twitter:label1\" content=\"Written by\" \/>\n\t<meta name=\"twitter:data1\" content=\"Irina Janevska\" \/>\n<script type=\"application\/ld+json\" class=\"yoast-schema-graph\">{\"@context\":\"https:\\\/\\\/schema.org\",\"@graph\":[{\"@type\":\"Article\",\"@id\":\"https:\\\/\\\/arno.org.mk\\\/sq\\\/lajme\\\/balkan-green-ideas-2026-national-call%f0%9f%87%b2%f0%9f%87%b0\\\/#article\",\"isPartOf\":{\"@id\":\"https:\\\/\\\/arno.org.mk\\\/sq\\\/lajme\\\/balkan-green-ideas-2026-national-call%f0%9f%87%b2%f0%9f%87%b0\\\/\"},\"author\":{\"name\":\"Irina Janevska\",\"@id\":\"https:\\\/\\\/arno.org.mk\\\/sq\\\/#\\\/schema\\\/person\\\/754074caf00829e9f0e38609518d18ba\"},\"headline\":\"Balkan Green Ideas 2026 \u2014 National Call\ud83c\uddf2\ud83c\uddf0\",\"datePublished\":\"2026-09-04T14:08:20+00:00\",\"mainEntityOfPage\":{\"@id\":\"https:\\\/\\\/arno.org.mk\\\/sq\\\/lajme\\\/balkan-green-ideas-2026-national-call%f0%9f%87%b2%f0%9f%87%b0\\\/\"},\"wordCount\":17,\"image\":{\"@id\":\"https:\\\/\\\/arno.org.mk\\\/sq\\\/lajme\\\/balkan-green-ideas-2026-national-call%f0%9f%87%b2%f0%9f%87%b0\\\/#primaryimage\"},\"thumbnailUrl\":\"https:\\\/\\\/arno.org.mk\\\/wp-content\\\/uploads\\\/2026\\\/09\\\/ARNO-call-website.png\",\"keywords\":[\"bizneset sociale\",\"circular Economy\",\"circulareconomy\",\"Doughnut economics\",\"ekonomia e gjelb\u00ebr\",\"green bussines\",\"green entrepreneurship\",\"impact bussines\",\"impact enterprise\",\"impact investing\",\"social economy\",\"social entrepreneurship\",\"\u0446\u0438\u0440\u043a\u0443\u043b\u0430\u0440\u043d\u0430 \u0435\u043a\u043e\u043d\u043e\u043c\u0438\u0458\u0430\"],\"articleSection\":[\"Lajme\"],\"inLanguage\":\"sq-AL\"},{\"@type\":\"WebPage\",\"@id\":\"https:\\\/\\\/arno.org.mk\\\/sq\\\/lajme\\\/balkan-green-ideas-2026-national-call%f0%9f%87%b2%f0%9f%87%b0\\\/\",\"url\":\"https:\\\/\\\/arno.org.mk\\\/sq\\\/lajme\\\/balkan-green-ideas-2026-national-call%f0%9f%87%b2%f0%9f%87%b0\\\/\",\"name\":\"Balkan Green Ideas 2026 \u2014 National Call | ARNO\",\"isPartOf\":{\"@id\":\"https:\\\/\\\/arno.org.mk\\\/sq\\\/#website\"},\"primaryImageOfPage\":{\"@id\":\"https:\\\/\\\/arno.org.mk\\\/sq\\\/lajme\\\/balkan-green-ideas-2026-national-call%f0%9f%87%b2%f0%9f%87%b0\\\/#primaryimage\"},\"image\":{\"@id\":\"https:\\\/\\\/arno.org.mk\\\/sq\\\/lajme\\\/balkan-green-ideas-2026-national-call%f0%9f%87%b2%f0%9f%87%b0\\\/#primaryimage\"},\"thumbnailUrl\":\"https:\\\/\\\/arno.org.mk\\\/wp-content\\\/uploads\\\/2026\\\/09\\\/ARNO-call-website.png\",\"datePublished\":\"2026-09-04T14:08:20+00:00\",\"author\":{\"@id\":\"https:\\\/\\\/arno.org.mk\\\/sq\\\/#\\\/schema\\\/person\\\/754074caf00829e9f0e38609518d18ba\"},\"description\":\"Apliko p\u00ebr Thirrjen Komb\u00ebtare t\u00eb Ideve t\u00eb Gjelbra t\u00eb Ballkanit 2026 (Balkan Green Ideas 2026) n\u00eb Maqedonin\u00eb e Veriut. Grante rajonale deri n\u00eb 20,000 dollar\u00eb p\u00ebr ide biznesi t\u00eb gjelbra. Afati i fundit: 16 shtator 2026.\",\"breadcrumb\":{\"@id\":\"https:\\\/\\\/arno.org.mk\\\/sq\\\/lajme\\\/balkan-green-ideas-2026-national-call%f0%9f%87%b2%f0%9f%87%b0\\\/#breadcrumb\"},\"inLanguage\":\"sq-AL\",\"potentialAction\":[{\"@type\":\"ReadAction\",\"target\":[\"https:\\\/\\\/arno.org.mk\\\/sq\\\/lajme\\\/balkan-green-ideas-2026-national-call%f0%9f%87%b2%f0%9f%87%b0\\\/\"]}]},{\"@type\":\"ImageObject\",\"inLanguage\":\"sq-AL\",\"@id\":\"https:\\\/\\\/arno.org.mk\\\/sq\\\/lajme\\\/balkan-green-ideas-2026-national-call%f0%9f%87%b2%f0%9f%87%b0\\\/#primaryimage\",\"url\":\"https:\\\/\\\/arno.org.mk\\\/wp-content\\\/uploads\\\/2026\\\/09\\\/ARNO-call-website.png\",\"contentUrl\":\"https:\\\/\\\/arno.org.mk\\\/wp-content\\\/uploads\\\/2026\\\/09\\\/ARNO-call-website.png\",\"width\":1366,\"height\":768},{\"@type\":\"BreadcrumbList\",\"@id\":\"https:\\\/\\\/arno.org.mk\\\/sq\\\/lajme\\\/balkan-green-ideas-2026-national-call%f0%9f%87%b2%f0%9f%87%b0\\\/#breadcrumb\",\"itemListElement\":[{\"@type\":\"ListItem\",\"position\":1,\"name\":\"Faqja kryesore\",\"item\":\"https:\\\/\\\/arno.org.mk\\\/sq\\\/\"},{\"@type\":\"ListItem\",\"position\":2,\"name\":\"Balkan Green Ideas 2026 \u2014 National Call\ud83c\uddf2\ud83c\uddf0\"}]},{\"@type\":\"WebSite\",\"@id\":\"https:\\\/\\\/arno.org.mk\\\/sq\\\/#website\",\"url\":\"https:\\\/\\\/arno.org.mk\\\/sq\\\/\",\"name\":\"ARNO\",\"description\":\"We are ARNO and we do good!\",\"potentialAction\":[{\"@type\":\"SearchAction\",\"target\":{\"@type\":\"EntryPoint\",\"urlTemplate\":\"https:\\\/\\\/arno.org.mk\\\/sq\\\/?s={search_term_string}\"},\"query-input\":{\"@type\":\"PropertyValueSpecification\",\"valueRequired\":true,\"valueName\":\"search_term_string\"}}],\"inLanguage\":\"sq-AL\"},{\"@type\":\"Person\",\"@id\":\"https:\\\/\\\/arno.org.mk\\\/sq\\\/#\\\/schema\\\/person\\\/754074caf00829e9f0e38609518d18ba\",\"name\":\"Irina Janevska\",\"image\":{\"@type\":\"ImageObject\",\"inLanguage\":\"sq-AL\",\"@id\":\"https:\\\/\\\/secure.gravatar.com\\\/avatar\\\/b18e7b82a2659f5ea4b2b73bbb3f5bd2bcf381c56a7d41cf2d659684efaff88e?s=96&d=mm&r=g\",\"url\":\"https:\\\/\\\/secure.gravatar.com\\\/avatar\\\/b18e7b82a2659f5ea4b2b73bbb3f5bd2bcf381c56a7d41cf2d659684efaff88e?s=96&d=mm&r=g\",\"contentUrl\":\"https:\\\/\\\/secure.gravatar.com\\\/avatar\\\/b18e7b82a2659f5ea4b2b73bbb3f5bd2bcf381c56a7d41cf2d659684efaff88e?s=96&d=mm&r=g\",\"caption\":\"Irina Janevska\"},\"url\":\"https:\\\/\\\/arno.org.mk\\\/sq\\\/author\\\/irina\\\/\"}]}<\/script>\n<!-- \/ Yoast SEO plugin. -->","yoast_head_json":{"title":"Balkan Green Ideas 2026 \u2014 National Call | ARNO","description":"Apliko p\u00ebr Thirrjen Komb\u00ebtare t\u00eb Ideve t\u00eb Gjelbra t\u00eb Ballkanit 2026 (Balkan Green Ideas 2026) n\u00eb Maqedonin\u00eb e Veriut. Grante rajonale deri n\u00eb 20,000 dollar\u00eb p\u00ebr ide biznesi t\u00eb gjelbra. Afati i fundit: 16 shtator 2026.","robots":{"index":"index","follow":"follow","max-snippet":"max-snippet:-1","max-image-preview":"max-image-preview:large","max-video-preview":"max-video-preview:-1"},"canonical":"https:\/\/arno.org.mk\/sq\/lajme\/balkan-green-ideas-2026-national-call%f0%9f%87%b2%f0%9f%87%b0\/","og_locale":"sq_AL","og_type":"article","og_title":"Balkan Green Ideas 2026 \u2014 National Call | ARNO","og_description":"Apliko p\u00ebr Thirrjen Komb\u00ebtare t\u00eb Ideve t\u00eb Gjelbra t\u00eb Ballkanit 2026 (Balkan Green Ideas 2026) n\u00eb Maqedonin\u00eb e Veriut. Grante rajonale deri n\u00eb 20,000 dollar\u00eb p\u00ebr ide biznesi t\u00eb gjelbra. Afati i fundit: 16 shtator 2026.","og_url":"https:\/\/arno.org.mk\/sq\/lajme\/balkan-green-ideas-2026-national-call%f0%9f%87%b2%f0%9f%87%b0\/","og_site_name":"ARNO","article_publisher":"https:\/\/www.facebook.com\/ARNO.Social.Innovation","article_published_time":"2026-09-04T14:08:20+00:00","og_image":[{"width":1366,"height":768,"url":"https:\/\/arno.org.mk\/wp-content\/uploads\/2026\/09\/ARNO-call-website.png","type":"image\/png"}],"author":"Irina Janevska","twitter_card":"summary_large_image","twitter_creator":"@ARNO_mkd","twitter_site":"@ARNO_mkd","twitter_misc":{"Written by":"Irina Janevska"},"schema":{"@context":"https:\/\/schema.org","@graph":[{"@type":"Article","@id":"https:\/\/arno.org.mk\/sq\/lajme\/balkan-green-ideas-2026-national-call%f0%9f%87%b2%f0%9f%87%b0\/#article","isPartOf":{"@id":"https:\/\/arno.org.mk\/sq\/lajme\/balkan-green-ideas-2026-national-call%f0%9f%87%b2%f0%9f%87%b0\/"},"author":{"name":"Irina Janevska","@id":"https:\/\/arno.org.mk\/sq\/#\/schema\/person\/754074caf00829e9f0e38609518d18ba"},"headline":"Balkan Green Ideas 2026 \u2014 National Call\ud83c\uddf2\ud83c\uddf0","datePublished":"2026-09-04T14:08:20+00:00","mainEntityOfPage":{"@id":"https:\/\/arno.org.mk\/sq\/lajme\/balkan-green-ideas-2026-national-call%f0%9f%87%b2%f0%9f%87%b0\/"},"wordCount":17,"image":{"@id":"https:\/\/arno.org.mk\/sq\/lajme\/balkan-green-ideas-2026-national-call%f0%9f%87%b2%f0%9f%87%b0\/#primaryimage"},"thumbnailUrl":"https:\/\/arno.org.mk\/wp-content\/uploads\/2026\/09\/ARNO-call-website.png","keywords":["bizneset sociale","circular Economy","circulareconomy","Doughnut economics","ekonomia e gjelb\u00ebr","green bussines","green entrepreneurship","impact bussines","impact enterprise","impact investing","social economy","social entrepreneurship","\u0446\u0438\u0440\u043a\u0443\u043b\u0430\u0440\u043d\u0430 \u0435\u043a\u043e\u043d\u043e\u043c\u0438\u0458\u0430"],"articleSection":["Lajme"],"inLanguage":"sq-AL"},{"@type":"WebPage","@id":"https:\/\/arno.org.mk\/sq\/lajme\/balkan-green-ideas-2026-national-call%f0%9f%87%b2%f0%9f%87%b0\/","url":"https:\/\/arno.org.mk\/sq\/lajme\/balkan-green-ideas-2026-national-call%f0%9f%87%b2%f0%9f%87%b0\/","name":"Balkan Green Ideas 2026 \u2014 National Call | ARNO","isPartOf":{"@id":"https:\/\/arno.org.mk\/sq\/#website"},"primaryImageOfPage":{"@id":"https:\/\/arno.org.mk\/sq\/lajme\/balkan-green-ideas-2026-national-call%f0%9f%87%b2%f0%9f%87%b0\/#primaryimage"},"image":{"@id":"https:\/\/arno.org.mk\/sq\/lajme\/balkan-green-ideas-2026-national-call%f0%9f%87%b2%f0%9f%87%b0\/#primaryimage"},"thumbnailUrl":"https:\/\/arno.org.mk\/wp-content\/uploads\/2026\/09\/ARNO-call-website.png","datePublished":"2026-09-04T14:08:20+00:00","author":{"@id":"https:\/\/arno.org.mk\/sq\/#\/schema\/person\/754074caf00829e9f0e38609518d18ba"},"description":"Apliko p\u00ebr Thirrjen Komb\u00ebtare t\u00eb Ideve t\u00eb Gjelbra t\u00eb Ballkanit 2026 (Balkan Green Ideas 2026) n\u00eb Maqedonin\u00eb e Veriut. Grante rajonale deri n\u00eb 20,000 dollar\u00eb p\u00ebr ide biznesi t\u00eb gjelbra. Afati i fundit: 16 shtator 2026.","breadcrumb":{"@id":"https:\/\/arno.org.mk\/sq\/lajme\/balkan-green-ideas-2026-national-call%f0%9f%87%b2%f0%9f%87%b0\/#breadcrumb"},"inLanguage":"sq-AL","potentialAction":[{"@type":"ReadAction","target":["https:\/\/arno.org.mk\/sq\/lajme\/balkan-green-ideas-2026-national-call%f0%9f%87%b2%f0%9f%87%b0\/"]}]},{"@type":"ImageObject","inLanguage":"sq-AL","@id":"https:\/\/arno.org.mk\/sq\/lajme\/balkan-green-ideas-2026-national-call%f0%9f%87%b2%f0%9f%87%b0\/#primaryimage","url":"https:\/\/arno.org.mk\/wp-content\/uploads\/2026\/09\/ARNO-call-website.png","contentUrl":"https:\/\/arno.org.mk\/wp-content\/uploads\/2026\/09\/ARNO-call-website.png","width":1366,"height":768},{"@type":"BreadcrumbList","@id":"https:\/\/arno.org.mk\/sq\/lajme\/balkan-green-ideas-2026-national-call%f0%9f%87%b2%f0%9f%87%b0\/#breadcrumb","itemListElement":[{"@type":"ListItem","position":1,"name":"Faqja kryesore","item":"https:\/\/arno.org.mk\/sq\/"},{"@type":"ListItem","position":2,"name":"Balkan Green Ideas 2026 \u2014 National Call\ud83c\uddf2\ud83c\uddf0"}]},{"@type":"WebSite","@id":"https:\/\/arno.org.mk\/sq\/#website","url":"https:\/\/arno.org.mk\/sq\/","name":"ARNO","description":"We are ARNO and we do good!","potentialAction":[{"@type":"SearchAction","target":{"@type":"EntryPoint","urlTemplate":"https:\/\/arno.org.mk\/sq\/?s={search_term_string}"},"query-input":{"@type":"PropertyValueSpecification","valueRequired":true,"valueName":"search_term_string"}}],"inLanguage":"sq-AL"},{"@type":"Person","@id":"https:\/\/arno.org.mk\/sq\/#\/schema\/person\/754074caf00829e9f0e38609518d18ba","name":"Irina Janevska","image":{"@type":"ImageObject","inLanguage":"sq-AL","@id":"https:\/\/secure.gravatar.com\/avatar\/b18e7b82a2659f5ea4b2b73bbb3f5bd2bcf381c56a7d41cf2d659684efaff88e?s=96&d=mm&r=g","url":"https:\/\/secure.gravatar.com\/avatar\/b18e7b82a2659f5ea4b2b73bbb3f5bd2bcf381c56a7d41cf2d659684efaff88e?s=96&d=mm&r=g","contentUrl":"https:\/\/secure.gravatar.com\/avatar\/b18e7b82a2659f5ea4b2b73bbb3f5bd2bcf381c56a7d41cf2d659684efaff88e?s=96&d=mm&r=g","caption":"Irina Janevska"},"url":"https:\/\/arno.org.mk\/sq\/author\/irina\/"}]}},"_links":{"self":[{"href":"https:\/\/arno.org.mk\/sq\/wp-json\/wp\/v2\/posts\/9569","targetHints":{"allow":["GET"]}}],"collection":[{"href":"https:\/\/arno.org.mk\/sq\/wp-json\/wp\/v2\/posts"}],"about":[{"href":"https:\/\/arno.org.mk\/sq\/wp-json\/wp\/v2\/types\/post"}],"author":[{"embeddable":true,"href":"https:\/\/arno.org.mk\/sq\/wp-json\/wp\/v2\/users\/2"}],"replies":[{"embeddable":true,"href":"https:\/\/arno.org.mk\/sq\/wp-json\/wp\/v2\/comments?post=9569"}],"version-history":[{"count":0,"href":"https:\/\/arno.org.mk\/sq\/wp-json\/wp\/v2\/posts\/9569\/revisions"}],"wp:featuredmedia":[{"embeddable":true,"href":"https:\/\/arno.org.mk\/sq\/wp-json\/wp\/v2\/media\/9542"}],"wp:attachment":[{"href":"https:\/\/arno.org.mk\/sq\/wp-json\/wp\/v2\/media?parent=9569"}],"wp:term":[{"taxonomy":"category","embeddable":true,"href":"https:\/\/arno.org.mk\/sq\/wp-json\/wp\/v2\/categories?post=9569"},{"taxonomy":"post_tag","embeddable":true,"href":"https:\/\/arno.org.mk\/sq\/wp-json\/wp\/v2\/tags?post=9569"}],"curies":[{"name":"wp","href":"https:\/\/api.w.org\/{rel}","templated":true}]}}