{"id":9437,"date":"2026-04-17T14:48:16","date_gmt":"2026-04-17T14:48:16","guid":{"rendered":"https:\/\/arno.org.mk\/uncategorized-sq\/digital-citizenship-education\/"},"modified":"2026-04-29T09:06:53","modified_gmt":"2026-04-29T09:06:53","slug":"digital-citizenship-education","status":"publish","type":"post","link":"https:\/\/arno.org.mk\/sq\/projekte\/digital-citizenship-education\/","title":{"rendered":"Edukim p\u00ebr Qytetarin\u00eb Digjitale"},"content":{"rendered":"<div data-olk-copy-source=\"MessageBody\"><strong>Projekti p\u00ebr Edukimin p\u00ebr Qytetarin\u00eb Digjitale (<span class=\"marktvfwcjq5p\" data-markjs=\"true\" data-ogac=\"\" data-ogab=\"\" data-ogsc=\"\" data-ogsb=\"\">DigiCitizenEdu<\/span>)<\/strong> \u00ebsht\u00eb nj\u00eb iniciativ\u00eb e financuar nga Erasmus+, q\u00eb do t\u00eb zbatohet nga janari 2026 deri n\u00eb fund t\u00eb qershorit 2028 (30 muaj).\u00a0<strong><span class=\"marktvfwcjq5p\" data-markjs=\"true\" data-ogac=\"\" data-ogab=\"\" data-ogsc=\"\" data-ogsb=\"\">DigiCitizenEdu<\/span><\/strong>\u00a0synon t\u00eb avancoj\u00eb <strong>edukimin p\u00ebr qytetarin\u00eb digjitale (DCE)<\/strong>, duke pajisur edukator\u00ebt dhe nx\u00ebn\u00ebsit n\u00eb t\u00eb gjith\u00eb Europ\u00ebn me aft\u00ebsit\u00eb dhe njohurit\u00eb e nevojshme p\u00ebr t\u00eb marr\u00eb pjes\u00eb n\u00eb m\u00ebnyr\u00eb aktive dhe t\u00eb p\u00ebrgjegjshme n\u00eb shoq\u00ebrin\u00eb e sotme digjitale.<\/p>\n<\/div>\n<div data-olk-copy-source=\"MessageBody\">Projekti zbatohet nga nj\u00eb konsorcium prej pes\u00eb partner\u00ebsh nga e gjith\u00eb Europa: <a href=\"https:\/\/all-digital.org\/\">All Digital<\/a> (koordinator; Belgjik\u00eb), <a href=\"https:\/\/www.eap.gr\/en\/\">Universiteti i Hapur Helen<\/a> (Greqi), <a href=\"https:\/\/fundacionesplai.org\/\">Fundaci\u00f3n Esplai Ciudadan\u00eda Comprometida<\/a> (ESPLAI; Spanj\u00eb), Association for Development of New Options Shkup (ARNO; Maqedonia e Veriut) dhe SOLIDAR+ (Belgjik\u00eb).<\/div>\n<div>Projekti i p\u00ebrgjigjet sfidave t\u00eb transformimit digjital si t\u00eb drejtat digjitale, mendimi kritik, shkrim-leximi mediatik dhe teknologjit\u00eb n\u00eb zhvillim, duke fuqizuar individ\u00ebt-pavar\u00ebsisht prejardhjes, mosh\u00ebs apo njohurive paraprake-q\u00eb t\u00eb ushtrojn\u00eb me besim t\u00eb drejtat dhe p\u00ebrgjegj\u00ebsit\u00eb e tyre n\u00eb hap\u00ebsir\u00ebn digjitale. Duke u mb\u00ebshtetur n\u00eb p\u00ebrkushtimin e fort\u00eb t\u00eb partner\u00ebve p\u00ebr m\u00ebsimin gjat\u00eb gjith\u00eb jet\u00ebs, projekti shfryt\u00ebzon <a href=\"https:\/\/platform.alldigitalacademy.eu\/\"><strong>All Digital Academy (ADA)<\/strong> <\/a>si platform\u00ebn kryesore p\u00ebr ofrimin e burimeve arsimore cil\u00ebsore dhe t\u00eb qasshme.\u00a0<span class=\"marktvfwcjq5p\" data-markjs=\"true\" data-ogac=\"\" data-ogab=\"\" data-ogsc=\"\" data-ogsb=\"\">DigiCitizenEdu<\/span>\u00a0promovon kohezionin social, pjes\u00ebmarrjen demokratike dhe p\u00ebrfshirjen digjitale, duke integruar <strong>mendimin kritik, t\u00eb drejtat digjitale, shkrim-leximin mediatik dhe metodologjit\u00eb e trajnimit t\u00eb p\u00ebrforcuara me inteligjenc\u00eb artificiale<\/strong> n\u00eb arsimin p\u00ebr t\u00eb rritur.<\/p>\n<\/div>\n<div><strong>Aktivitetet kryesore<\/strong> p\u00ebrfshijn\u00eb zhvillimin e nj\u00eb programi t\u00eb specializuar trajnimi p\u00ebr Edukimin p\u00ebr Qytetarin\u00eb Digjitale dhe pilotimin e k\u00ebtij trajnimi me edukator\u00eb n\u00eb t\u00eb gjith\u00eb Europ\u00ebn.<\/p>\n<\/div>\n<div><span class=\"marktvfwcjq5p\" data-markjs=\"true\" data-ogac=\"\" data-ogab=\"\" data-ogsc=\"\" data-ogsb=\"\">DigiCitizenEdu<\/span>\u00a0synon drejtp\u00ebrdrejt e<strong>dukator\u00ebt e t\u00eb rriturve, nx\u00ebn\u00ebsit gjat\u00eb gjith\u00eb jet\u00ebs, politik\u00ebb\u00ebr\u00ebsit dhe organizatat e shoq\u00ebris\u00eb civile<\/strong>, duke nxitur nj\u00eb ekosistem t\u00eb nd\u00ebrlidhur p\u00ebr ngritjen e kapaciteteve, dialogun politik dhe fuqizimin digjital. P\u00ebrmes qasjes s\u00eb tij inovative me shum\u00eb aktor\u00eb, projekti lidh arsimin, politikat dhe pjes\u00ebmarrjen qytetare, duke kontribuar n\u00eb nj\u00eb shoq\u00ebri europiane m\u00eb gjith\u00ebp\u00ebrfshir\u00ebse dhe m\u00eb t\u00eb aft\u00eb n\u00eb aspektin digjital.<\/div>\n","protected":false},"excerpt":{"rendered":"<p>Projekti p\u00ebr Edukimin p\u00ebr Qytetarin\u00eb Digjitale (DigiCitizenEdu) \u00ebsht\u00eb nj\u00eb iniciativ\u00eb e financuar nga Erasmus+, q\u00eb do t\u00eb zbatohet nga janari 2026 deri n\u00eb fund t\u00eb&#8230; [&#8230;]<\/p>\n<p><a class=\"btn btn-secondary understrap-read-more-link\" href=\"https:\/\/arno.org.mk\/sq\/projekte\/digital-citizenship-education\/\">Read More&#8230;<\/a><\/p>\n","protected":false},"author":2,"featured_media":9372,"comment_status":"closed","ping_status":"closed","sticky":false,"template":"","format":"standard","meta":{"_acf_changed":false,"footnotes":""},"categories":[37,39,27],"tags":[261,262,263,264],"class_list":["post-9437","post","type-post","status-publish","format-standard","has-post-thumbnail","hentry","category-programi-inovacione-sociale","category-programit-rinor-sq","category-projekte","tag-critical-thinking","tag-digital-citizenship-education","tag-digital-rights","tag-media-literacy-digital-literacy"],"acf":[],"yoast_head":"<!-- This site is optimized with the Yoast SEO plugin v27.5 - https:\/\/yoast.com\/product\/yoast-seo-wordpress\/ -->\n<title>Edukim p\u00ebr Qytetarin\u00eb Digjitale - ARNO<\/title>\n<meta name=\"robots\" content=\"index, follow, max-snippet:-1, max-image-preview:large, max-video-preview:-1\" \/>\n<link rel=\"canonical\" href=\"https:\/\/arno.org.mk\/sq\/projekte\/digital-citizenship-education\/\" \/>\n<meta property=\"og:locale\" content=\"sq_AL\" \/>\n<meta property=\"og:type\" content=\"article\" \/>\n<meta property=\"og:title\" content=\"Edukim p\u00ebr Qytetarin\u00eb Digjitale - ARNO\" \/>\n<meta property=\"og:description\" content=\"Projekti p\u00ebr Edukimin p\u00ebr Qytetarin\u00eb Digjitale (DigiCitizenEdu) \u00ebsht\u00eb nj\u00eb iniciativ\u00eb e financuar nga Erasmus+, q\u00eb do t\u00eb zbatohet nga janari 2026 deri n\u00eb fund t\u00eb... [...]Read More...\" \/>\n<meta property=\"og:url\" content=\"https:\/\/arno.org.mk\/sq\/projekte\/digital-citizenship-education\/\" \/>\n<meta property=\"og:site_name\" content=\"ARNO\" \/>\n<meta property=\"article:publisher\" content=\"https:\/\/www.facebook.com\/ARNO.Social.Innovation\" \/>\n<meta property=\"article:published_time\" content=\"2026-04-17T14:48:16+00:00\" \/>\n<meta property=\"article:modified_time\" content=\"2026-04-29T09:06:53+00:00\" \/>\n<meta property=\"og:image\" content=\"https:\/\/arno.org.mk\/wp-content\/uploads\/2026\/04\/DigiCitizenEdu.png\" \/>\n\t<meta property=\"og:image:width\" content=\"500\" \/>\n\t<meta property=\"og:image:height\" content=\"500\" \/>\n\t<meta property=\"og:image:type\" content=\"image\/png\" \/>\n<meta name=\"author\" content=\"Irina Janevska\" \/>\n<meta name=\"twitter:card\" content=\"summary_large_image\" \/>\n<meta name=\"twitter:creator\" content=\"@ARNO_mkd\" \/>\n<meta name=\"twitter:site\" content=\"@ARNO_mkd\" \/>\n<meta name=\"twitter:label1\" content=\"Written by\" \/>\n\t<meta name=\"twitter:data1\" content=\"Irina Janevska\" \/>\n\t<meta name=\"twitter:label2\" content=\"Est. reading time\" \/>\n\t<meta name=\"twitter:data2\" content=\"2 minutes\" \/>\n<script type=\"application\/ld+json\" class=\"yoast-schema-graph\">{\"@context\":\"https:\\\/\\\/schema.org\",\"@graph\":[{\"@type\":\"Article\",\"@id\":\"https:\\\/\\\/arno.org.mk\\\/sq\\\/projekte\\\/digital-citizenship-education\\\/#article\",\"isPartOf\":{\"@id\":\"https:\\\/\\\/arno.org.mk\\\/sq\\\/projekte\\\/digital-citizenship-education\\\/\"},\"author\":{\"name\":\"Irina Janevska\",\"@id\":\"https:\\\/\\\/arno.org.mk\\\/sq\\\/#\\\/schema\\\/person\\\/754074caf00829e9f0e38609518d18ba\"},\"headline\":\"Edukim p\u00ebr Qytetarin\u00eb Digjitale\",\"datePublished\":\"2026-04-17T14:48:16+00:00\",\"dateModified\":\"2026-04-29T09:06:53+00:00\",\"mainEntityOfPage\":{\"@id\":\"https:\\\/\\\/arno.org.mk\\\/sq\\\/projekte\\\/digital-citizenship-education\\\/\"},\"wordCount\":362,\"image\":{\"@id\":\"https:\\\/\\\/arno.org.mk\\\/sq\\\/projekte\\\/digital-citizenship-education\\\/#primaryimage\"},\"thumbnailUrl\":\"https:\\\/\\\/arno.org.mk\\\/wp-content\\\/uploads\\\/2026\\\/04\\\/DigiCitizenEdu.png\",\"keywords\":[\"critical thinking\",\"Digital Citizenship Education\",\"digital rights\",\"media literacy digital literacy\"],\"articleSection\":[\"Programi p\u00ebr Inovacione Sociale\",\"Programit ton\u00eb Rinor\",\"Projekte\"],\"inLanguage\":\"sq-AL\"},{\"@type\":\"WebPage\",\"@id\":\"https:\\\/\\\/arno.org.mk\\\/sq\\\/projekte\\\/digital-citizenship-education\\\/\",\"url\":\"https:\\\/\\\/arno.org.mk\\\/sq\\\/projekte\\\/digital-citizenship-education\\\/\",\"name\":\"Edukim p\u00ebr Qytetarin\u00eb Digjitale - ARNO\",\"isPartOf\":{\"@id\":\"https:\\\/\\\/arno.org.mk\\\/sq\\\/#website\"},\"primaryImageOfPage\":{\"@id\":\"https:\\\/\\\/arno.org.mk\\\/sq\\\/projekte\\\/digital-citizenship-education\\\/#primaryimage\"},\"image\":{\"@id\":\"https:\\\/\\\/arno.org.mk\\\/sq\\\/projekte\\\/digital-citizenship-education\\\/#primaryimage\"},\"thumbnailUrl\":\"https:\\\/\\\/arno.org.mk\\\/wp-content\\\/uploads\\\/2026\\\/04\\\/DigiCitizenEdu.png\",\"datePublished\":\"2026-04-17T14:48:16+00:00\",\"dateModified\":\"2026-04-29T09:06:53+00:00\",\"author\":{\"@id\":\"https:\\\/\\\/arno.org.mk\\\/sq\\\/#\\\/schema\\\/person\\\/754074caf00829e9f0e38609518d18ba\"},\"breadcrumb\":{\"@id\":\"https:\\\/\\\/arno.org.mk\\\/sq\\\/projekte\\\/digital-citizenship-education\\\/#breadcrumb\"},\"inLanguage\":\"sq-AL\",\"potentialAction\":[{\"@type\":\"ReadAction\",\"target\":[\"https:\\\/\\\/arno.org.mk\\\/sq\\\/projekte\\\/digital-citizenship-education\\\/\"]}]},{\"@type\":\"ImageObject\",\"inLanguage\":\"sq-AL\",\"@id\":\"https:\\\/\\\/arno.org.mk\\\/sq\\\/projekte\\\/digital-citizenship-education\\\/#primaryimage\",\"url\":\"https:\\\/\\\/arno.org.mk\\\/wp-content\\\/uploads\\\/2026\\\/04\\\/DigiCitizenEdu.png\",\"contentUrl\":\"https:\\\/\\\/arno.org.mk\\\/wp-content\\\/uploads\\\/2026\\\/04\\\/DigiCitizenEdu.png\",\"width\":500,\"height\":500},{\"@type\":\"BreadcrumbList\",\"@id\":\"https:\\\/\\\/arno.org.mk\\\/sq\\\/projekte\\\/digital-citizenship-education\\\/#breadcrumb\",\"itemListElement\":[{\"@type\":\"ListItem\",\"position\":1,\"name\":\"Faqja kryesore\",\"item\":\"https:\\\/\\\/arno.org.mk\\\/sq\\\/\"},{\"@type\":\"ListItem\",\"position\":2,\"name\":\"Edukim p\u00ebr Qytetarin\u00eb Digjitale\"}]},{\"@type\":\"WebSite\",\"@id\":\"https:\\\/\\\/arno.org.mk\\\/sq\\\/#website\",\"url\":\"https:\\\/\\\/arno.org.mk\\\/sq\\\/\",\"name\":\"ARNO\",\"description\":\"We are ARNO and we do good!\",\"potentialAction\":[{\"@type\":\"SearchAction\",\"target\":{\"@type\":\"EntryPoint\",\"urlTemplate\":\"https:\\\/\\\/arno.org.mk\\\/sq\\\/?s={search_term_string}\"},\"query-input\":{\"@type\":\"PropertyValueSpecification\",\"valueRequired\":true,\"valueName\":\"search_term_string\"}}],\"inLanguage\":\"sq-AL\"},{\"@type\":\"Person\",\"@id\":\"https:\\\/\\\/arno.org.mk\\\/sq\\\/#\\\/schema\\\/person\\\/754074caf00829e9f0e38609518d18ba\",\"name\":\"Irina Janevska\",\"image\":{\"@type\":\"ImageObject\",\"inLanguage\":\"sq-AL\",\"@id\":\"https:\\\/\\\/secure.gravatar.com\\\/avatar\\\/b18e7b82a2659f5ea4b2b73bbb3f5bd2bcf381c56a7d41cf2d659684efaff88e?s=96&d=mm&r=g\",\"url\":\"https:\\\/\\\/secure.gravatar.com\\\/avatar\\\/b18e7b82a2659f5ea4b2b73bbb3f5bd2bcf381c56a7d41cf2d659684efaff88e?s=96&d=mm&r=g\",\"contentUrl\":\"https:\\\/\\\/secure.gravatar.com\\\/avatar\\\/b18e7b82a2659f5ea4b2b73bbb3f5bd2bcf381c56a7d41cf2d659684efaff88e?s=96&d=mm&r=g\",\"caption\":\"Irina Janevska\"},\"url\":\"https:\\\/\\\/arno.org.mk\\\/sq\\\/author\\\/irina\\\/\"}]}<\/script>\n<!-- \/ Yoast SEO plugin. -->","yoast_head_json":{"title":"Edukim p\u00ebr Qytetarin\u00eb Digjitale - ARNO","robots":{"index":"index","follow":"follow","max-snippet":"max-snippet:-1","max-image-preview":"max-image-preview:large","max-video-preview":"max-video-preview:-1"},"canonical":"https:\/\/arno.org.mk\/sq\/projekte\/digital-citizenship-education\/","og_locale":"sq_AL","og_type":"article","og_title":"Edukim p\u00ebr Qytetarin\u00eb Digjitale - ARNO","og_description":"Projekti p\u00ebr Edukimin p\u00ebr Qytetarin\u00eb Digjitale (DigiCitizenEdu) \u00ebsht\u00eb nj\u00eb iniciativ\u00eb e financuar nga Erasmus+, q\u00eb do t\u00eb zbatohet nga janari 2026 deri n\u00eb fund t\u00eb... [...]Read More...","og_url":"https:\/\/arno.org.mk\/sq\/projekte\/digital-citizenship-education\/","og_site_name":"ARNO","article_publisher":"https:\/\/www.facebook.com\/ARNO.Social.Innovation","article_published_time":"2026-04-17T14:48:16+00:00","article_modified_time":"2026-04-29T09:06:53+00:00","og_image":[{"width":500,"height":500,"url":"https:\/\/arno.org.mk\/wp-content\/uploads\/2026\/04\/DigiCitizenEdu.png","type":"image\/png"}],"author":"Irina Janevska","twitter_card":"summary_large_image","twitter_creator":"@ARNO_mkd","twitter_site":"@ARNO_mkd","twitter_misc":{"Written by":"Irina Janevska","Est. reading time":"2 minutes"},"schema":{"@context":"https:\/\/schema.org","@graph":[{"@type":"Article","@id":"https:\/\/arno.org.mk\/sq\/projekte\/digital-citizenship-education\/#article","isPartOf":{"@id":"https:\/\/arno.org.mk\/sq\/projekte\/digital-citizenship-education\/"},"author":{"name":"Irina Janevska","@id":"https:\/\/arno.org.mk\/sq\/#\/schema\/person\/754074caf00829e9f0e38609518d18ba"},"headline":"Edukim p\u00ebr Qytetarin\u00eb Digjitale","datePublished":"2026-04-17T14:48:16+00:00","dateModified":"2026-04-29T09:06:53+00:00","mainEntityOfPage":{"@id":"https:\/\/arno.org.mk\/sq\/projekte\/digital-citizenship-education\/"},"wordCount":362,"image":{"@id":"https:\/\/arno.org.mk\/sq\/projekte\/digital-citizenship-education\/#primaryimage"},"thumbnailUrl":"https:\/\/arno.org.mk\/wp-content\/uploads\/2026\/04\/DigiCitizenEdu.png","keywords":["critical thinking","Digital Citizenship Education","digital rights","media literacy digital literacy"],"articleSection":["Programi p\u00ebr Inovacione Sociale","Programit ton\u00eb Rinor","Projekte"],"inLanguage":"sq-AL"},{"@type":"WebPage","@id":"https:\/\/arno.org.mk\/sq\/projekte\/digital-citizenship-education\/","url":"https:\/\/arno.org.mk\/sq\/projekte\/digital-citizenship-education\/","name":"Edukim p\u00ebr Qytetarin\u00eb Digjitale - ARNO","isPartOf":{"@id":"https:\/\/arno.org.mk\/sq\/#website"},"primaryImageOfPage":{"@id":"https:\/\/arno.org.mk\/sq\/projekte\/digital-citizenship-education\/#primaryimage"},"image":{"@id":"https:\/\/arno.org.mk\/sq\/projekte\/digital-citizenship-education\/#primaryimage"},"thumbnailUrl":"https:\/\/arno.org.mk\/wp-content\/uploads\/2026\/04\/DigiCitizenEdu.png","datePublished":"2026-04-17T14:48:16+00:00","dateModified":"2026-04-29T09:06:53+00:00","author":{"@id":"https:\/\/arno.org.mk\/sq\/#\/schema\/person\/754074caf00829e9f0e38609518d18ba"},"breadcrumb":{"@id":"https:\/\/arno.org.mk\/sq\/projekte\/digital-citizenship-education\/#breadcrumb"},"inLanguage":"sq-AL","potentialAction":[{"@type":"ReadAction","target":["https:\/\/arno.org.mk\/sq\/projekte\/digital-citizenship-education\/"]}]},{"@type":"ImageObject","inLanguage":"sq-AL","@id":"https:\/\/arno.org.mk\/sq\/projekte\/digital-citizenship-education\/#primaryimage","url":"https:\/\/arno.org.mk\/wp-content\/uploads\/2026\/04\/DigiCitizenEdu.png","contentUrl":"https:\/\/arno.org.mk\/wp-content\/uploads\/2026\/04\/DigiCitizenEdu.png","width":500,"height":500},{"@type":"BreadcrumbList","@id":"https:\/\/arno.org.mk\/sq\/projekte\/digital-citizenship-education\/#breadcrumb","itemListElement":[{"@type":"ListItem","position":1,"name":"Faqja kryesore","item":"https:\/\/arno.org.mk\/sq\/"},{"@type":"ListItem","position":2,"name":"Edukim p\u00ebr Qytetarin\u00eb Digjitale"}]},{"@type":"WebSite","@id":"https:\/\/arno.org.mk\/sq\/#website","url":"https:\/\/arno.org.mk\/sq\/","name":"ARNO","description":"We are ARNO and we do good!","potentialAction":[{"@type":"SearchAction","target":{"@type":"EntryPoint","urlTemplate":"https:\/\/arno.org.mk\/sq\/?s={search_term_string}"},"query-input":{"@type":"PropertyValueSpecification","valueRequired":true,"valueName":"search_term_string"}}],"inLanguage":"sq-AL"},{"@type":"Person","@id":"https:\/\/arno.org.mk\/sq\/#\/schema\/person\/754074caf00829e9f0e38609518d18ba","name":"Irina Janevska","image":{"@type":"ImageObject","inLanguage":"sq-AL","@id":"https:\/\/secure.gravatar.com\/avatar\/b18e7b82a2659f5ea4b2b73bbb3f5bd2bcf381c56a7d41cf2d659684efaff88e?s=96&d=mm&r=g","url":"https:\/\/secure.gravatar.com\/avatar\/b18e7b82a2659f5ea4b2b73bbb3f5bd2bcf381c56a7d41cf2d659684efaff88e?s=96&d=mm&r=g","contentUrl":"https:\/\/secure.gravatar.com\/avatar\/b18e7b82a2659f5ea4b2b73bbb3f5bd2bcf381c56a7d41cf2d659684efaff88e?s=96&d=mm&r=g","caption":"Irina Janevska"},"url":"https:\/\/arno.org.mk\/sq\/author\/irina\/"}]}},"_links":{"self":[{"href":"https:\/\/arno.org.mk\/sq\/wp-json\/wp\/v2\/posts\/9437","targetHints":{"allow":["GET"]}}],"collection":[{"href":"https:\/\/arno.org.mk\/sq\/wp-json\/wp\/v2\/posts"}],"about":[{"href":"https:\/\/arno.org.mk\/sq\/wp-json\/wp\/v2\/types\/post"}],"author":[{"embeddable":true,"href":"https:\/\/arno.org.mk\/sq\/wp-json\/wp\/v2\/users\/2"}],"replies":[{"embeddable":true,"href":"https:\/\/arno.org.mk\/sq\/wp-json\/wp\/v2\/comments?post=9437"}],"version-history":[{"count":2,"href":"https:\/\/arno.org.mk\/sq\/wp-json\/wp\/v2\/posts\/9437\/revisions"}],"predecessor-version":[{"id":9439,"href":"https:\/\/arno.org.mk\/sq\/wp-json\/wp\/v2\/posts\/9437\/revisions\/9439"}],"wp:featuredmedia":[{"embeddable":true,"href":"https:\/\/arno.org.mk\/sq\/wp-json\/wp\/v2\/media\/9372"}],"wp:attachment":[{"href":"https:\/\/arno.org.mk\/sq\/wp-json\/wp\/v2\/media?parent=9437"}],"wp:term":[{"taxonomy":"category","embeddable":true,"href":"https:\/\/arno.org.mk\/sq\/wp-json\/wp\/v2\/categories?post=9437"},{"taxonomy":"post_tag","embeddable":true,"href":"https:\/\/arno.org.mk\/sq\/wp-json\/wp\/v2\/tags?post=9437"}],"curies":[{"name":"wp","href":"https:\/\/api.w.org\/{rel}","templated":true}]}}