{"id":7878,"date":"2024-10-09T15:29:47","date_gmt":"2024-10-09T15:29:47","guid":{"rendered":"https:\/\/arno.org.mk\/uncategorized-sq\/repair-day\/"},"modified":"2024-10-09T15:29:47","modified_gmt":"2024-10-09T15:29:47","slug":"repair-day","status":"publish","type":"post","link":"https:\/\/arno.org.mk\/sq\/projekte\/repair-day\/","title":{"rendered":"Repair Day"},"content":{"rendered":"<p>ARNO \u00ebsht\u00eb nj\u00eb avokat i nj\u00eb ekonomie sociale t\u00eb gjelb\u00ebr dhe ka pas saj arritje dhe suksese n\u00eb projekte q\u00eb promovojn\u00eb k\u00ebt\u00eb filozofi (si projekti i Inkubatorit Rajonal p\u00ebr Sip\u00ebrmarr\u00ebsit Social\u00eb (RISE) dhe Konkursi &#8220;Idet\u00eb e Gjelbra&#8221; (q\u00eb zhvillohet p\u00ebr m\u00eb shum\u00eb se nj\u00eb dekad\u00eb) Fokusi yn\u00eb aktual \u00ebsht\u00eb themelimi i qendr\u00ebs s\u00eb par\u00eb t\u00eb riparimit n\u00eb Shkup, promovimi i kultur\u00ebs s\u00eb riparimeve tek qytetar\u00ebt dhe sh\u00ebnimi i Dit\u00ebs Bot\u00ebrore t\u00eb Riparimit.<\/p>\n<p>&nbsp;<\/p>\n<p>Q\u00eb di\u00e7ka t\u00eb jet\u00eb e mir\u00eb si p\u00ebr planetin Tok\u00eb ashtu edhe p\u00ebr qytetar\u00ebt, ne duhet t\u00eb fokusohemi n\u00eb konceptin e gjith\u00ebp\u00ebrfshirjes dhe q\u00ebndrueshm\u00ebris\u00eb. Dhe kjo \u00ebsht\u00eb arsyeja pse ne insistojm\u00eb kaq shum\u00eb n\u00eb nj\u00eb kultur\u00eb t\u00eb ndarjes (aft\u00ebsit\u00eb, burimet) dhe nj\u00eb kultur\u00eb bashk\u00ebpunimi (animacion t\u00eb t\u00eb gjith\u00eb qytetar\u00ebve).<\/p>\n<p>Iniciativa jon\u00eb p\u00ebr themelimin e Qendr\u00ebs s\u00eb par\u00eb p\u00ebr riparime n\u00eb Shkup dhe festimi i Dit\u00ebs Bot\u00ebrore t\u00eb Riparimeve \u00ebsht\u00eb vet\u00ebm nj\u00eb vazhdim logjik i gjith\u00e7kaje q\u00eb b\u00ebjm\u00eb. Ndiqni k\u00ebt\u00eb faqe p\u00ebr t\u00eb gjitha aktivitetet e ardhshme (shih m\u00eb posht\u00eb thirrjet dhe informacionet aktuale)<\/p>\n<p><strong>Gjithashtu, na p\u00ebrkrahni!<\/strong><\/p>\n<p>Ftojm\u00eb donator\u00eb\/sponsor\u00eb potencial\u00eb t\u00eb na drejtohen n\u00ebse jan\u00eb t\u00eb interesuar n\u00eb \u00e7far\u00ebdo m\u00ebnyre p\u00ebr t\u00eb mb\u00ebshtetur kultur\u00ebn e riparimit dhe ekonomin\u00eb e gjelb\u00ebr sociale q\u00eb ne kemi luftuar prej vitesh.<\/p>\n<p>Vet\u00ebm me mb\u00ebshtetje t\u00eb vazhdueshme dhe konkrete mund t\u00eb kemi nj\u00eb Qend\u00ebr Riparimi (e cila do t\u00eb mbijetoj\u00eb) dhe nj\u00eb fest\u00eb t\u00eb Dit\u00ebs Bot\u00ebrore t\u00eb Riparimeve q\u00eb do t\u00eb zgjas\u00eb shum\u00eb dhe do t\u00eb kthehet n\u00eb tradit\u00eb.<\/p>\n<p>Duke mb\u00ebshtetur nism\u00ebn ton\u00eb, kompanit\u00eb, bashkit\u00eb, fondacionet, organizatat dhe individ\u00ebt mund t&#8217;i bashkohen ARNO-s n\u00eb promovimin e nj\u00eb l\u00ebvizjeje q\u00eb ka prioritet q\u00ebndrueshm\u00ebrin\u00eb, elasticitetin, drejt\u00ebsin\u00eb mjedisore dhe solidaritetin.<\/p>\n<p><strong>Nga iniciativa ve\u00e7ojm\u00eb:<\/strong><\/p>\n<ul>\n<li><a href=\"https:\/\/forms.gle\/7pZKwtzdavGzh4wF7\">Thirrje p\u00ebr dhurim t\u00eb lodrave t\u00eb thyera\/d\u00ebmtuara<\/a><\/li>\n<li><a href=\"https:\/\/forms.gle\/Ekrwjawh1QPNss3C9\">Thirrje p\u00ebr ndarjen e aft\u00ebsive<\/a> (mjeshtra, zejtar\u00eb, hobist\u00eb)<\/li>\n<\/ul>\n","protected":false},"excerpt":{"rendered":"<p>ARNO \u00ebsht\u00eb nj\u00eb avokat i nj\u00eb ekonomie sociale t\u00eb gjelb\u00ebr dhe ka pas saj arritje dhe suksese n\u00eb projekte q\u00eb promovojn\u00eb k\u00ebt\u00eb filozofi (si projekti&#8230; [&#8230;]<\/p>\n<p><a class=\"btn btn-secondary understrap-read-more-link\" href=\"https:\/\/arno.org.mk\/sq\/projekte\/repair-day\/\">Read More&#8230;<\/a><\/p>\n","protected":false},"author":2,"featured_media":7737,"comment_status":"closed","ping_status":"closed","sticky":false,"template":"","format":"standard","meta":{"_acf_changed":false,"footnotes":""},"categories":[27],"tags":[],"class_list":["post-7878","post","type-post","status-publish","format-standard","has-post-thumbnail","hentry","category-projekte"],"acf":[],"yoast_head":"<!-- This site is optimized with the Yoast SEO plugin v27.5 - https:\/\/yoast.com\/product\/yoast-seo-wordpress\/ -->\n<title>Repair Day - ARNO<\/title>\n<meta name=\"robots\" content=\"index, follow, max-snippet:-1, max-image-preview:large, max-video-preview:-1\" \/>\n<link rel=\"canonical\" href=\"https:\/\/arno.org.mk\/sq\/projekte\/repair-day\/\" \/>\n<meta property=\"og:locale\" content=\"sq_AL\" \/>\n<meta property=\"og:type\" content=\"article\" \/>\n<meta property=\"og:title\" content=\"Repair Day - ARNO\" \/>\n<meta property=\"og:description\" content=\"ARNO \u00ebsht\u00eb nj\u00eb avokat i nj\u00eb ekonomie sociale t\u00eb gjelb\u00ebr dhe ka pas saj arritje dhe suksese n\u00eb projekte q\u00eb promovojn\u00eb k\u00ebt\u00eb filozofi (si projekti... [...]Read More...\" \/>\n<meta property=\"og:url\" content=\"https:\/\/arno.org.mk\/sq\/projekte\/repair-day\/\" \/>\n<meta property=\"og:site_name\" content=\"ARNO\" \/>\n<meta property=\"article:publisher\" content=\"https:\/\/www.facebook.com\/ARNO.Social.Innovation\" \/>\n<meta property=\"article:published_time\" content=\"2024-10-09T15:29:47+00:00\" \/>\n<meta property=\"og:image\" content=\"https:\/\/arno.org.mk\/wp-content\/uploads\/2024\/10\/Repair-Day-web-square.jpg\" \/>\n\t<meta property=\"og:image:width\" content=\"827\" \/>\n\t<meta property=\"og:image:height\" content=\"709\" \/>\n\t<meta property=\"og:image:type\" content=\"image\/jpeg\" \/>\n<meta name=\"author\" content=\"Irina Janevska\" \/>\n<meta name=\"twitter:card\" content=\"summary_large_image\" \/>\n<meta name=\"twitter:creator\" content=\"@ARNO_mkd\" \/>\n<meta name=\"twitter:site\" content=\"@ARNO_mkd\" \/>\n<meta name=\"twitter:label1\" content=\"Written by\" \/>\n\t<meta name=\"twitter:data1\" content=\"Irina Janevska\" \/>\n\t<meta name=\"twitter:label2\" content=\"Est. reading time\" \/>\n\t<meta name=\"twitter:data2\" content=\"2 minutes\" \/>\n<script type=\"application\/ld+json\" class=\"yoast-schema-graph\">{\"@context\":\"https:\\\/\\\/schema.org\",\"@graph\":[{\"@type\":\"Article\",\"@id\":\"https:\\\/\\\/arno.org.mk\\\/sq\\\/projekte\\\/repair-day\\\/#article\",\"isPartOf\":{\"@id\":\"https:\\\/\\\/arno.org.mk\\\/sq\\\/projekte\\\/repair-day\\\/\"},\"author\":{\"name\":\"Irina Janevska\",\"@id\":\"https:\\\/\\\/arno.org.mk\\\/sq\\\/#\\\/schema\\\/person\\\/754074caf00829e9f0e38609518d18ba\"},\"headline\":\"Repair Day\",\"datePublished\":\"2024-10-09T15:29:47+00:00\",\"mainEntityOfPage\":{\"@id\":\"https:\\\/\\\/arno.org.mk\\\/sq\\\/projekte\\\/repair-day\\\/\"},\"wordCount\":344,\"image\":{\"@id\":\"https:\\\/\\\/arno.org.mk\\\/sq\\\/projekte\\\/repair-day\\\/#primaryimage\"},\"thumbnailUrl\":\"https:\\\/\\\/arno.org.mk\\\/wp-content\\\/uploads\\\/2024\\\/10\\\/Repair-Day-web-square.jpg\",\"articleSection\":[\"Projekte\"],\"inLanguage\":\"sq-AL\"},{\"@type\":\"WebPage\",\"@id\":\"https:\\\/\\\/arno.org.mk\\\/sq\\\/projekte\\\/repair-day\\\/\",\"url\":\"https:\\\/\\\/arno.org.mk\\\/sq\\\/projekte\\\/repair-day\\\/\",\"name\":\"Repair Day - ARNO\",\"isPartOf\":{\"@id\":\"https:\\\/\\\/arno.org.mk\\\/sq\\\/#website\"},\"primaryImageOfPage\":{\"@id\":\"https:\\\/\\\/arno.org.mk\\\/sq\\\/projekte\\\/repair-day\\\/#primaryimage\"},\"image\":{\"@id\":\"https:\\\/\\\/arno.org.mk\\\/sq\\\/projekte\\\/repair-day\\\/#primaryimage\"},\"thumbnailUrl\":\"https:\\\/\\\/arno.org.mk\\\/wp-content\\\/uploads\\\/2024\\\/10\\\/Repair-Day-web-square.jpg\",\"datePublished\":\"2024-10-09T15:29:47+00:00\",\"author\":{\"@id\":\"https:\\\/\\\/arno.org.mk\\\/sq\\\/#\\\/schema\\\/person\\\/754074caf00829e9f0e38609518d18ba\"},\"breadcrumb\":{\"@id\":\"https:\\\/\\\/arno.org.mk\\\/sq\\\/projekte\\\/repair-day\\\/#breadcrumb\"},\"inLanguage\":\"sq-AL\",\"potentialAction\":[{\"@type\":\"ReadAction\",\"target\":[\"https:\\\/\\\/arno.org.mk\\\/sq\\\/projekte\\\/repair-day\\\/\"]}]},{\"@type\":\"ImageObject\",\"inLanguage\":\"sq-AL\",\"@id\":\"https:\\\/\\\/arno.org.mk\\\/sq\\\/projekte\\\/repair-day\\\/#primaryimage\",\"url\":\"https:\\\/\\\/arno.org.mk\\\/wp-content\\\/uploads\\\/2024\\\/10\\\/Repair-Day-web-square.jpg\",\"contentUrl\":\"https:\\\/\\\/arno.org.mk\\\/wp-content\\\/uploads\\\/2024\\\/10\\\/Repair-Day-web-square.jpg\",\"width\":827,\"height\":709},{\"@type\":\"BreadcrumbList\",\"@id\":\"https:\\\/\\\/arno.org.mk\\\/sq\\\/projekte\\\/repair-day\\\/#breadcrumb\",\"itemListElement\":[{\"@type\":\"ListItem\",\"position\":1,\"name\":\"Faqja kryesore\",\"item\":\"https:\\\/\\\/arno.org.mk\\\/sq\\\/\"},{\"@type\":\"ListItem\",\"position\":2,\"name\":\"Repair Day\"}]},{\"@type\":\"WebSite\",\"@id\":\"https:\\\/\\\/arno.org.mk\\\/sq\\\/#website\",\"url\":\"https:\\\/\\\/arno.org.mk\\\/sq\\\/\",\"name\":\"ARNO\",\"description\":\"We are ARNO and we do good!\",\"potentialAction\":[{\"@type\":\"SearchAction\",\"target\":{\"@type\":\"EntryPoint\",\"urlTemplate\":\"https:\\\/\\\/arno.org.mk\\\/sq\\\/?s={search_term_string}\"},\"query-input\":{\"@type\":\"PropertyValueSpecification\",\"valueRequired\":true,\"valueName\":\"search_term_string\"}}],\"inLanguage\":\"sq-AL\"},{\"@type\":\"Person\",\"@id\":\"https:\\\/\\\/arno.org.mk\\\/sq\\\/#\\\/schema\\\/person\\\/754074caf00829e9f0e38609518d18ba\",\"name\":\"Irina Janevska\",\"image\":{\"@type\":\"ImageObject\",\"inLanguage\":\"sq-AL\",\"@id\":\"https:\\\/\\\/secure.gravatar.com\\\/avatar\\\/b18e7b82a2659f5ea4b2b73bbb3f5bd2bcf381c56a7d41cf2d659684efaff88e?s=96&d=mm&r=g\",\"url\":\"https:\\\/\\\/secure.gravatar.com\\\/avatar\\\/b18e7b82a2659f5ea4b2b73bbb3f5bd2bcf381c56a7d41cf2d659684efaff88e?s=96&d=mm&r=g\",\"contentUrl\":\"https:\\\/\\\/secure.gravatar.com\\\/avatar\\\/b18e7b82a2659f5ea4b2b73bbb3f5bd2bcf381c56a7d41cf2d659684efaff88e?s=96&d=mm&r=g\",\"caption\":\"Irina Janevska\"},\"url\":\"https:\\\/\\\/arno.org.mk\\\/sq\\\/author\\\/irina\\\/\"}]}<\/script>\n<!-- \/ Yoast SEO plugin. -->","yoast_head_json":{"title":"Repair Day - ARNO","robots":{"index":"index","follow":"follow","max-snippet":"max-snippet:-1","max-image-preview":"max-image-preview:large","max-video-preview":"max-video-preview:-1"},"canonical":"https:\/\/arno.org.mk\/sq\/projekte\/repair-day\/","og_locale":"sq_AL","og_type":"article","og_title":"Repair Day - ARNO","og_description":"ARNO \u00ebsht\u00eb nj\u00eb avokat i nj\u00eb ekonomie sociale t\u00eb gjelb\u00ebr dhe ka pas saj arritje dhe suksese n\u00eb projekte q\u00eb promovojn\u00eb k\u00ebt\u00eb filozofi (si projekti... [...]Read More...","og_url":"https:\/\/arno.org.mk\/sq\/projekte\/repair-day\/","og_site_name":"ARNO","article_publisher":"https:\/\/www.facebook.com\/ARNO.Social.Innovation","article_published_time":"2024-10-09T15:29:47+00:00","og_image":[{"width":827,"height":709,"url":"https:\/\/arno.org.mk\/wp-content\/uploads\/2024\/10\/Repair-Day-web-square.jpg","type":"image\/jpeg"}],"author":"Irina Janevska","twitter_card":"summary_large_image","twitter_creator":"@ARNO_mkd","twitter_site":"@ARNO_mkd","twitter_misc":{"Written by":"Irina Janevska","Est. reading time":"2 minutes"},"schema":{"@context":"https:\/\/schema.org","@graph":[{"@type":"Article","@id":"https:\/\/arno.org.mk\/sq\/projekte\/repair-day\/#article","isPartOf":{"@id":"https:\/\/arno.org.mk\/sq\/projekte\/repair-day\/"},"author":{"name":"Irina Janevska","@id":"https:\/\/arno.org.mk\/sq\/#\/schema\/person\/754074caf00829e9f0e38609518d18ba"},"headline":"Repair Day","datePublished":"2024-10-09T15:29:47+00:00","mainEntityOfPage":{"@id":"https:\/\/arno.org.mk\/sq\/projekte\/repair-day\/"},"wordCount":344,"image":{"@id":"https:\/\/arno.org.mk\/sq\/projekte\/repair-day\/#primaryimage"},"thumbnailUrl":"https:\/\/arno.org.mk\/wp-content\/uploads\/2024\/10\/Repair-Day-web-square.jpg","articleSection":["Projekte"],"inLanguage":"sq-AL"},{"@type":"WebPage","@id":"https:\/\/arno.org.mk\/sq\/projekte\/repair-day\/","url":"https:\/\/arno.org.mk\/sq\/projekte\/repair-day\/","name":"Repair Day - ARNO","isPartOf":{"@id":"https:\/\/arno.org.mk\/sq\/#website"},"primaryImageOfPage":{"@id":"https:\/\/arno.org.mk\/sq\/projekte\/repair-day\/#primaryimage"},"image":{"@id":"https:\/\/arno.org.mk\/sq\/projekte\/repair-day\/#primaryimage"},"thumbnailUrl":"https:\/\/arno.org.mk\/wp-content\/uploads\/2024\/10\/Repair-Day-web-square.jpg","datePublished":"2024-10-09T15:29:47+00:00","author":{"@id":"https:\/\/arno.org.mk\/sq\/#\/schema\/person\/754074caf00829e9f0e38609518d18ba"},"breadcrumb":{"@id":"https:\/\/arno.org.mk\/sq\/projekte\/repair-day\/#breadcrumb"},"inLanguage":"sq-AL","potentialAction":[{"@type":"ReadAction","target":["https:\/\/arno.org.mk\/sq\/projekte\/repair-day\/"]}]},{"@type":"ImageObject","inLanguage":"sq-AL","@id":"https:\/\/arno.org.mk\/sq\/projekte\/repair-day\/#primaryimage","url":"https:\/\/arno.org.mk\/wp-content\/uploads\/2024\/10\/Repair-Day-web-square.jpg","contentUrl":"https:\/\/arno.org.mk\/wp-content\/uploads\/2024\/10\/Repair-Day-web-square.jpg","width":827,"height":709},{"@type":"BreadcrumbList","@id":"https:\/\/arno.org.mk\/sq\/projekte\/repair-day\/#breadcrumb","itemListElement":[{"@type":"ListItem","position":1,"name":"Faqja kryesore","item":"https:\/\/arno.org.mk\/sq\/"},{"@type":"ListItem","position":2,"name":"Repair Day"}]},{"@type":"WebSite","@id":"https:\/\/arno.org.mk\/sq\/#website","url":"https:\/\/arno.org.mk\/sq\/","name":"ARNO","description":"We are ARNO and we do good!","potentialAction":[{"@type":"SearchAction","target":{"@type":"EntryPoint","urlTemplate":"https:\/\/arno.org.mk\/sq\/?s={search_term_string}"},"query-input":{"@type":"PropertyValueSpecification","valueRequired":true,"valueName":"search_term_string"}}],"inLanguage":"sq-AL"},{"@type":"Person","@id":"https:\/\/arno.org.mk\/sq\/#\/schema\/person\/754074caf00829e9f0e38609518d18ba","name":"Irina Janevska","image":{"@type":"ImageObject","inLanguage":"sq-AL","@id":"https:\/\/secure.gravatar.com\/avatar\/b18e7b82a2659f5ea4b2b73bbb3f5bd2bcf381c56a7d41cf2d659684efaff88e?s=96&d=mm&r=g","url":"https:\/\/secure.gravatar.com\/avatar\/b18e7b82a2659f5ea4b2b73bbb3f5bd2bcf381c56a7d41cf2d659684efaff88e?s=96&d=mm&r=g","contentUrl":"https:\/\/secure.gravatar.com\/avatar\/b18e7b82a2659f5ea4b2b73bbb3f5bd2bcf381c56a7d41cf2d659684efaff88e?s=96&d=mm&r=g","caption":"Irina Janevska"},"url":"https:\/\/arno.org.mk\/sq\/author\/irina\/"}]}},"_links":{"self":[{"href":"https:\/\/arno.org.mk\/sq\/wp-json\/wp\/v2\/posts\/7878","targetHints":{"allow":["GET"]}}],"collection":[{"href":"https:\/\/arno.org.mk\/sq\/wp-json\/wp\/v2\/posts"}],"about":[{"href":"https:\/\/arno.org.mk\/sq\/wp-json\/wp\/v2\/types\/post"}],"author":[{"embeddable":true,"href":"https:\/\/arno.org.mk\/sq\/wp-json\/wp\/v2\/users\/2"}],"replies":[{"embeddable":true,"href":"https:\/\/arno.org.mk\/sq\/wp-json\/wp\/v2\/comments?post=7878"}],"version-history":[{"count":0,"href":"https:\/\/arno.org.mk\/sq\/wp-json\/wp\/v2\/posts\/7878\/revisions"}],"wp:featuredmedia":[{"embeddable":true,"href":"https:\/\/arno.org.mk\/sq\/wp-json\/wp\/v2\/media\/7737"}],"wp:attachment":[{"href":"https:\/\/arno.org.mk\/sq\/wp-json\/wp\/v2\/media?parent=7878"}],"wp:term":[{"taxonomy":"category","embeddable":true,"href":"https:\/\/arno.org.mk\/sq\/wp-json\/wp\/v2\/categories?post=7878"},{"taxonomy":"post_tag","embeddable":true,"href":"https:\/\/arno.org.mk\/sq\/wp-json\/wp\/v2\/tags?post=7878"}],"curies":[{"name":"wp","href":"https:\/\/api.w.org\/{rel}","templated":true}]}}