{"id":6950,"date":"2023-11-06T14:28:10","date_gmt":"2023-11-06T14:28:10","guid":{"rendered":"https:\/\/arno.org.mk\/?p=6950"},"modified":"2023-11-09T15:04:09","modified_gmt":"2023-11-09T15:04:09","slug":"kulinari-ne-aksion-sipermarresi-sociale-per-impakt","status":"publish","type":"post","link":"https:\/\/arno.org.mk\/sq\/projekte\/kulinari-ne-aksion-sipermarresi-sociale-per-impakt\/","title":{"rendered":"Kulinari n\u00eb aksion \u2013 sip\u00ebrmarr\u00ebsi sociale p\u00ebr impakt"},"content":{"rendered":"<p>Projekti \u00a0\u201e Kulinari n\u00eb aksion \u2013 sip\u00ebrmarr\u00ebsi sociale p\u00ebr impakt \u201c \u00ebsht\u00eb inspiruar nga bashk\u00ebpunimi i frytsh\u00ebm mes ARNO-s dhe Sh.M.T \u201eLlazar Tanev\u201c. Nga viti 2013 e k\u00ebndej, ky patrneritet\u00a0 tregoi recet\u00ebn e p\u00ebrkyer p\u00ebr sukses, duke gjeneruar rezultate pozitive n\u00eb sfer\u00ebn e arsimit joformal p\u00ebr kuzhinier\u00eb, perspektivat e pun\u00ebsimit t\u00eb t\u00eb rinjve dhe edhe t\u00eb ekonomis\u00eb sociale.<\/p>\n<p>\u201e Kulinari n\u00eb aksion \u201c synon t\u00eb rris\u00eb pun\u00ebsimin, n\u00ebnpun\u00ebsimin dhe t\u00eb leht\u00ebsoj\u00eb kalimin e student\u00ebve n\u00eb tregun e pun\u00ebs, ve\u00e7an\u00ebrisht tek t\u00eb rinjt\u00eb q\u00eb kan\u00eb pak mund\u00ebsi. Sip\u00ebrmarrja sociale do t\u00eb p\u00ebrdoret jo vet\u00ebm si nj\u00eb model modern biznesi, por edhe si nj\u00eb mjet p\u00ebr t\u00eb forcuar pun\u00ebsueshm\u00ebrin\u00eb dhe vet\u00ebpun\u00ebsimin e kuzhinier\u00ebve t\u00eb rinj. P\u00ebrve\u00e7 p\u00ebrvoj\u00ebs s\u00eb drejtp\u00ebrdrejt\u00eb, projekti do t\u00eb ofroj\u00eb pun\u00ebtori p\u00ebr t&#8217;i njohur student\u00ebt me bazat e sip\u00ebrmarrjes sociale. Student\u00ebt do t\u00eb njihen me vlerat e sip\u00ebrmarr\u00ebsis\u00eb sociale, r\u00ebnd\u00ebsin\u00eb e komunikimit dhe p\u00ebrfshirjen e komuniteteve dhe bashk\u00ebpunimin me aktor\u00eb t\u00eb ndrysh\u00ebm.<\/p>\n<p>Kjo iniciativ\u00eb realizohet me mb\u00ebshtetjen e Bashkimit Europian n\u00eb kuad\u00ebr t\u00eb projektit &#8220;Rinia &#8211; Agjent\u00ebt e Ndryshimit&#8221;, \u00a0i cili zbatohet nga Qendra p\u00ebr Dialog Interkulturor, Unioni i Skaut\u00ebve t\u00eb Maqedonis\u00eb dhe Qendra p\u00ebr Hulumtime dhe Analiza NOVUS.<\/p>\n<p>Projekti financohet me mb\u00ebshtetjen e Komisionit Evropian. P\u00ebrmbajtja e k\u00ebtij projekti \u00ebsht\u00eb p\u00ebrgjegj\u00ebsi vet\u00ebm e autorit dhe n\u00eb asnj\u00eb m\u00ebnyr\u00eb nuk mund t\u00eb konsiderohet se shpreh pik\u00ebpamjet e Bashkimit Evropian.<\/p>\n<p><strong>Nga projekti ve\u00e7ojm\u00eb:\u00a0<\/strong> N\u00eb kuad\u00ebr t\u00eb projektit \u00ebsht\u00eb parapar\u00eb edhe p\u00ebrfshirja e qytetar\u00ebve t\u00eb Shkupit, t\u00eb cil\u00ebt do t\u00eb ftohen t\u00eb rikrijojn\u00eb gjevrekun p\u00ebrmes nj\u00eb konkursi recetash. Konkursi do t\u00eb kulmoj\u00eb me finalen e madhe, ku 10 finalist\u00eb do t\u00eb p\u00ebrgatisin gjevrek sipas recetave t\u00eb tyre. Fituesi i konkursit do t\u00eb marr\u00eb nj\u00eb \u00e7mim t\u00eb vog\u00ebl financiar dhe do t&#8217;ua trash\u00ebgoj\u00eb student\u00ebve recet\u00ebn e tij.<\/p>\n","protected":false},"excerpt":{"rendered":"<p>Projekti \u00a0\u201e Kulinari n\u00eb aksion \u2013 sip\u00ebrmarr\u00ebsi sociale p\u00ebr impakt \u201c \u00ebsht\u00eb inspiruar nga bashk\u00ebpunimi i frytsh\u00ebm mes ARNO-s dhe Sh.M.T \u201eLlazar Tanev\u201c. Nga viti&#8230; [&#8230;]<\/p>\n<p><a class=\"btn btn-secondary understrap-read-more-link\" href=\"https:\/\/arno.org.mk\/sq\/projekte\/kulinari-ne-aksion-sipermarresi-sociale-per-impakt\/\">Read More&#8230;<\/a><\/p>\n","protected":false},"author":5,"featured_media":6973,"comment_status":"closed","ping_status":"closed","sticky":false,"template":"","format":"standard","meta":{"_acf_changed":false,"footnotes":""},"categories":[37,27],"tags":[],"class_list":["post-6950","post","type-post","status-publish","format-standard","has-post-thumbnail","hentry","category-programi-inovacione-sociale","category-projekte"],"acf":[],"yoast_head":"<!-- This site is optimized with the Yoast SEO plugin v27.5 - https:\/\/yoast.com\/product\/yoast-seo-wordpress\/ -->\n<title>Kulinari n\u00eb aksion \u2013 sip\u00ebrmarr\u00ebsi sociale p\u00ebr impakt - ARNO<\/title>\n<meta name=\"robots\" content=\"index, follow, max-snippet:-1, max-image-preview:large, max-video-preview:-1\" \/>\n<link rel=\"canonical\" href=\"https:\/\/arno.org.mk\/sq\/projekte\/kulinari-ne-aksion-sipermarresi-sociale-per-impakt\/\" \/>\n<meta property=\"og:locale\" content=\"sq_AL\" \/>\n<meta property=\"og:type\" content=\"article\" \/>\n<meta property=\"og:title\" content=\"Kulinari n\u00eb aksion \u2013 sip\u00ebrmarr\u00ebsi sociale p\u00ebr impakt - ARNO\" \/>\n<meta property=\"og:description\" content=\"Projekti \u00a0\u201e Kulinari n\u00eb aksion \u2013 sip\u00ebrmarr\u00ebsi sociale p\u00ebr impakt \u201c \u00ebsht\u00eb inspiruar nga bashk\u00ebpunimi i frytsh\u00ebm mes ARNO-s dhe Sh.M.T \u201eLlazar Tanev\u201c. Nga viti... [...]Read More...\" \/>\n<meta property=\"og:url\" content=\"https:\/\/arno.org.mk\/sq\/projekte\/kulinari-ne-aksion-sipermarresi-sociale-per-impakt\/\" \/>\n<meta property=\"og:site_name\" content=\"ARNO\" \/>\n<meta property=\"article:publisher\" content=\"https:\/\/www.facebook.com\/ARNO.Social.Innovation\" \/>\n<meta property=\"article:published_time\" content=\"2023-11-06T14:28:10+00:00\" \/>\n<meta property=\"article:modified_time\" content=\"2023-11-09T15:04:09+00:00\" \/>\n<meta property=\"og:image\" content=\"https:\/\/arno.org.mk\/wp-content\/uploads\/2023\/11\/Coolinari-thumbnail-600x600-1.png\" \/>\n\t<meta property=\"og:image:width\" content=\"600\" \/>\n\t<meta property=\"og:image:height\" content=\"600\" \/>\n\t<meta property=\"og:image:type\" content=\"image\/png\" \/>\n<meta name=\"author\" content=\"Simona Slavkova\" \/>\n<meta name=\"twitter:card\" content=\"summary_large_image\" \/>\n<meta name=\"twitter:creator\" content=\"@ARNO_mkd\" \/>\n<meta name=\"twitter:site\" content=\"@ARNO_mkd\" \/>\n<meta name=\"twitter:label1\" content=\"Written by\" \/>\n\t<meta name=\"twitter:data1\" content=\"Simona Slavkova\" \/>\n\t<meta name=\"twitter:label2\" content=\"Est. reading time\" \/>\n\t<meta name=\"twitter:data2\" content=\"2 minutes\" \/>\n<script type=\"application\/ld+json\" class=\"yoast-schema-graph\">{\"@context\":\"https:\\\/\\\/schema.org\",\"@graph\":[{\"@type\":\"Article\",\"@id\":\"https:\\\/\\\/arno.org.mk\\\/sq\\\/projekte\\\/kulinari-ne-aksion-sipermarresi-sociale-per-impakt\\\/#article\",\"isPartOf\":{\"@id\":\"https:\\\/\\\/arno.org.mk\\\/sq\\\/projekte\\\/kulinari-ne-aksion-sipermarresi-sociale-per-impakt\\\/\"},\"author\":{\"name\":\"Simona Slavkova\",\"@id\":\"https:\\\/\\\/arno.org.mk\\\/sq\\\/#\\\/schema\\\/person\\\/e3b9a601758d5ab618e9c4b633b436c3\"},\"headline\":\"Kulinari n\u00eb aksion \u2013 sip\u00ebrmarr\u00ebsi sociale p\u00ebr impakt\",\"datePublished\":\"2023-11-06T14:28:10+00:00\",\"dateModified\":\"2023-11-09T15:04:09+00:00\",\"mainEntityOfPage\":{\"@id\":\"https:\\\/\\\/arno.org.mk\\\/sq\\\/projekte\\\/kulinari-ne-aksion-sipermarresi-sociale-per-impakt\\\/\"},\"wordCount\":361,\"image\":{\"@id\":\"https:\\\/\\\/arno.org.mk\\\/sq\\\/projekte\\\/kulinari-ne-aksion-sipermarresi-sociale-per-impakt\\\/#primaryimage\"},\"thumbnailUrl\":\"https:\\\/\\\/arno.org.mk\\\/wp-content\\\/uploads\\\/2023\\\/11\\\/Coolinari-thumbnail-600x600-1.png\",\"articleSection\":[\"Programi p\u00ebr Inovacione Sociale\",\"Projekte\"],\"inLanguage\":\"sq-AL\"},{\"@type\":\"WebPage\",\"@id\":\"https:\\\/\\\/arno.org.mk\\\/sq\\\/projekte\\\/kulinari-ne-aksion-sipermarresi-sociale-per-impakt\\\/\",\"url\":\"https:\\\/\\\/arno.org.mk\\\/sq\\\/projekte\\\/kulinari-ne-aksion-sipermarresi-sociale-per-impakt\\\/\",\"name\":\"Kulinari n\u00eb aksion \u2013 sip\u00ebrmarr\u00ebsi sociale p\u00ebr impakt - ARNO\",\"isPartOf\":{\"@id\":\"https:\\\/\\\/arno.org.mk\\\/sq\\\/#website\"},\"primaryImageOfPage\":{\"@id\":\"https:\\\/\\\/arno.org.mk\\\/sq\\\/projekte\\\/kulinari-ne-aksion-sipermarresi-sociale-per-impakt\\\/#primaryimage\"},\"image\":{\"@id\":\"https:\\\/\\\/arno.org.mk\\\/sq\\\/projekte\\\/kulinari-ne-aksion-sipermarresi-sociale-per-impakt\\\/#primaryimage\"},\"thumbnailUrl\":\"https:\\\/\\\/arno.org.mk\\\/wp-content\\\/uploads\\\/2023\\\/11\\\/Coolinari-thumbnail-600x600-1.png\",\"datePublished\":\"2023-11-06T14:28:10+00:00\",\"dateModified\":\"2023-11-09T15:04:09+00:00\",\"author\":{\"@id\":\"https:\\\/\\\/arno.org.mk\\\/sq\\\/#\\\/schema\\\/person\\\/e3b9a601758d5ab618e9c4b633b436c3\"},\"breadcrumb\":{\"@id\":\"https:\\\/\\\/arno.org.mk\\\/sq\\\/projekte\\\/kulinari-ne-aksion-sipermarresi-sociale-per-impakt\\\/#breadcrumb\"},\"inLanguage\":\"sq-AL\",\"potentialAction\":[{\"@type\":\"ReadAction\",\"target\":[\"https:\\\/\\\/arno.org.mk\\\/sq\\\/projekte\\\/kulinari-ne-aksion-sipermarresi-sociale-per-impakt\\\/\"]}]},{\"@type\":\"ImageObject\",\"inLanguage\":\"sq-AL\",\"@id\":\"https:\\\/\\\/arno.org.mk\\\/sq\\\/projekte\\\/kulinari-ne-aksion-sipermarresi-sociale-per-impakt\\\/#primaryimage\",\"url\":\"https:\\\/\\\/arno.org.mk\\\/wp-content\\\/uploads\\\/2023\\\/11\\\/Coolinari-thumbnail-600x600-1.png\",\"contentUrl\":\"https:\\\/\\\/arno.org.mk\\\/wp-content\\\/uploads\\\/2023\\\/11\\\/Coolinari-thumbnail-600x600-1.png\",\"width\":600,\"height\":600},{\"@type\":\"BreadcrumbList\",\"@id\":\"https:\\\/\\\/arno.org.mk\\\/sq\\\/projekte\\\/kulinari-ne-aksion-sipermarresi-sociale-per-impakt\\\/#breadcrumb\",\"itemListElement\":[{\"@type\":\"ListItem\",\"position\":1,\"name\":\"Faqja kryesore\",\"item\":\"https:\\\/\\\/arno.org.mk\\\/sq\\\/\"},{\"@type\":\"ListItem\",\"position\":2,\"name\":\"Kulinari n\u00eb aksion \u2013 sip\u00ebrmarr\u00ebsi sociale p\u00ebr impakt\"}]},{\"@type\":\"WebSite\",\"@id\":\"https:\\\/\\\/arno.org.mk\\\/sq\\\/#website\",\"url\":\"https:\\\/\\\/arno.org.mk\\\/sq\\\/\",\"name\":\"ARNO\",\"description\":\"We are ARNO and we do good!\",\"potentialAction\":[{\"@type\":\"SearchAction\",\"target\":{\"@type\":\"EntryPoint\",\"urlTemplate\":\"https:\\\/\\\/arno.org.mk\\\/sq\\\/?s={search_term_string}\"},\"query-input\":{\"@type\":\"PropertyValueSpecification\",\"valueRequired\":true,\"valueName\":\"search_term_string\"}}],\"inLanguage\":\"sq-AL\"},{\"@type\":\"Person\",\"@id\":\"https:\\\/\\\/arno.org.mk\\\/sq\\\/#\\\/schema\\\/person\\\/e3b9a601758d5ab618e9c4b633b436c3\",\"name\":\"Simona Slavkova\",\"image\":{\"@type\":\"ImageObject\",\"inLanguage\":\"sq-AL\",\"@id\":\"https:\\\/\\\/secure.gravatar.com\\\/avatar\\\/3c333a087097376c8de4ed37b5f9fe0650caea9dc9435f18910c5a34441240cf?s=96&d=mm&r=g\",\"url\":\"https:\\\/\\\/secure.gravatar.com\\\/avatar\\\/3c333a087097376c8de4ed37b5f9fe0650caea9dc9435f18910c5a34441240cf?s=96&d=mm&r=g\",\"contentUrl\":\"https:\\\/\\\/secure.gravatar.com\\\/avatar\\\/3c333a087097376c8de4ed37b5f9fe0650caea9dc9435f18910c5a34441240cf?s=96&d=mm&r=g\",\"caption\":\"Simona Slavkova\"},\"url\":\"https:\\\/\\\/arno.org.mk\\\/sq\\\/author\\\/simona\\\/\"}]}<\/script>\n<!-- \/ Yoast SEO plugin. -->","yoast_head_json":{"title":"Kulinari n\u00eb aksion \u2013 sip\u00ebrmarr\u00ebsi sociale p\u00ebr impakt - ARNO","robots":{"index":"index","follow":"follow","max-snippet":"max-snippet:-1","max-image-preview":"max-image-preview:large","max-video-preview":"max-video-preview:-1"},"canonical":"https:\/\/arno.org.mk\/sq\/projekte\/kulinari-ne-aksion-sipermarresi-sociale-per-impakt\/","og_locale":"sq_AL","og_type":"article","og_title":"Kulinari n\u00eb aksion \u2013 sip\u00ebrmarr\u00ebsi sociale p\u00ebr impakt - ARNO","og_description":"Projekti \u00a0\u201e Kulinari n\u00eb aksion \u2013 sip\u00ebrmarr\u00ebsi sociale p\u00ebr impakt \u201c \u00ebsht\u00eb inspiruar nga bashk\u00ebpunimi i frytsh\u00ebm mes ARNO-s dhe Sh.M.T \u201eLlazar Tanev\u201c. Nga viti... [...]Read More...","og_url":"https:\/\/arno.org.mk\/sq\/projekte\/kulinari-ne-aksion-sipermarresi-sociale-per-impakt\/","og_site_name":"ARNO","article_publisher":"https:\/\/www.facebook.com\/ARNO.Social.Innovation","article_published_time":"2023-11-06T14:28:10+00:00","article_modified_time":"2023-11-09T15:04:09+00:00","og_image":[{"width":600,"height":600,"url":"https:\/\/arno.org.mk\/wp-content\/uploads\/2023\/11\/Coolinari-thumbnail-600x600-1.png","type":"image\/png"}],"author":"Simona Slavkova","twitter_card":"summary_large_image","twitter_creator":"@ARNO_mkd","twitter_site":"@ARNO_mkd","twitter_misc":{"Written by":"Simona Slavkova","Est. reading time":"2 minutes"},"schema":{"@context":"https:\/\/schema.org","@graph":[{"@type":"Article","@id":"https:\/\/arno.org.mk\/sq\/projekte\/kulinari-ne-aksion-sipermarresi-sociale-per-impakt\/#article","isPartOf":{"@id":"https:\/\/arno.org.mk\/sq\/projekte\/kulinari-ne-aksion-sipermarresi-sociale-per-impakt\/"},"author":{"name":"Simona Slavkova","@id":"https:\/\/arno.org.mk\/sq\/#\/schema\/person\/e3b9a601758d5ab618e9c4b633b436c3"},"headline":"Kulinari n\u00eb aksion \u2013 sip\u00ebrmarr\u00ebsi sociale p\u00ebr impakt","datePublished":"2023-11-06T14:28:10+00:00","dateModified":"2023-11-09T15:04:09+00:00","mainEntityOfPage":{"@id":"https:\/\/arno.org.mk\/sq\/projekte\/kulinari-ne-aksion-sipermarresi-sociale-per-impakt\/"},"wordCount":361,"image":{"@id":"https:\/\/arno.org.mk\/sq\/projekte\/kulinari-ne-aksion-sipermarresi-sociale-per-impakt\/#primaryimage"},"thumbnailUrl":"https:\/\/arno.org.mk\/wp-content\/uploads\/2023\/11\/Coolinari-thumbnail-600x600-1.png","articleSection":["Programi p\u00ebr Inovacione Sociale","Projekte"],"inLanguage":"sq-AL"},{"@type":"WebPage","@id":"https:\/\/arno.org.mk\/sq\/projekte\/kulinari-ne-aksion-sipermarresi-sociale-per-impakt\/","url":"https:\/\/arno.org.mk\/sq\/projekte\/kulinari-ne-aksion-sipermarresi-sociale-per-impakt\/","name":"Kulinari n\u00eb aksion \u2013 sip\u00ebrmarr\u00ebsi sociale p\u00ebr impakt - ARNO","isPartOf":{"@id":"https:\/\/arno.org.mk\/sq\/#website"},"primaryImageOfPage":{"@id":"https:\/\/arno.org.mk\/sq\/projekte\/kulinari-ne-aksion-sipermarresi-sociale-per-impakt\/#primaryimage"},"image":{"@id":"https:\/\/arno.org.mk\/sq\/projekte\/kulinari-ne-aksion-sipermarresi-sociale-per-impakt\/#primaryimage"},"thumbnailUrl":"https:\/\/arno.org.mk\/wp-content\/uploads\/2023\/11\/Coolinari-thumbnail-600x600-1.png","datePublished":"2023-11-06T14:28:10+00:00","dateModified":"2023-11-09T15:04:09+00:00","author":{"@id":"https:\/\/arno.org.mk\/sq\/#\/schema\/person\/e3b9a601758d5ab618e9c4b633b436c3"},"breadcrumb":{"@id":"https:\/\/arno.org.mk\/sq\/projekte\/kulinari-ne-aksion-sipermarresi-sociale-per-impakt\/#breadcrumb"},"inLanguage":"sq-AL","potentialAction":[{"@type":"ReadAction","target":["https:\/\/arno.org.mk\/sq\/projekte\/kulinari-ne-aksion-sipermarresi-sociale-per-impakt\/"]}]},{"@type":"ImageObject","inLanguage":"sq-AL","@id":"https:\/\/arno.org.mk\/sq\/projekte\/kulinari-ne-aksion-sipermarresi-sociale-per-impakt\/#primaryimage","url":"https:\/\/arno.org.mk\/wp-content\/uploads\/2023\/11\/Coolinari-thumbnail-600x600-1.png","contentUrl":"https:\/\/arno.org.mk\/wp-content\/uploads\/2023\/11\/Coolinari-thumbnail-600x600-1.png","width":600,"height":600},{"@type":"BreadcrumbList","@id":"https:\/\/arno.org.mk\/sq\/projekte\/kulinari-ne-aksion-sipermarresi-sociale-per-impakt\/#breadcrumb","itemListElement":[{"@type":"ListItem","position":1,"name":"Faqja kryesore","item":"https:\/\/arno.org.mk\/sq\/"},{"@type":"ListItem","position":2,"name":"Kulinari n\u00eb aksion \u2013 sip\u00ebrmarr\u00ebsi sociale p\u00ebr impakt"}]},{"@type":"WebSite","@id":"https:\/\/arno.org.mk\/sq\/#website","url":"https:\/\/arno.org.mk\/sq\/","name":"ARNO","description":"We are ARNO and we do good!","potentialAction":[{"@type":"SearchAction","target":{"@type":"EntryPoint","urlTemplate":"https:\/\/arno.org.mk\/sq\/?s={search_term_string}"},"query-input":{"@type":"PropertyValueSpecification","valueRequired":true,"valueName":"search_term_string"}}],"inLanguage":"sq-AL"},{"@type":"Person","@id":"https:\/\/arno.org.mk\/sq\/#\/schema\/person\/e3b9a601758d5ab618e9c4b633b436c3","name":"Simona Slavkova","image":{"@type":"ImageObject","inLanguage":"sq-AL","@id":"https:\/\/secure.gravatar.com\/avatar\/3c333a087097376c8de4ed37b5f9fe0650caea9dc9435f18910c5a34441240cf?s=96&d=mm&r=g","url":"https:\/\/secure.gravatar.com\/avatar\/3c333a087097376c8de4ed37b5f9fe0650caea9dc9435f18910c5a34441240cf?s=96&d=mm&r=g","contentUrl":"https:\/\/secure.gravatar.com\/avatar\/3c333a087097376c8de4ed37b5f9fe0650caea9dc9435f18910c5a34441240cf?s=96&d=mm&r=g","caption":"Simona Slavkova"},"url":"https:\/\/arno.org.mk\/sq\/author\/simona\/"}]}},"_links":{"self":[{"href":"https:\/\/arno.org.mk\/sq\/wp-json\/wp\/v2\/posts\/6950","targetHints":{"allow":["GET"]}}],"collection":[{"href":"https:\/\/arno.org.mk\/sq\/wp-json\/wp\/v2\/posts"}],"about":[{"href":"https:\/\/arno.org.mk\/sq\/wp-json\/wp\/v2\/types\/post"}],"author":[{"embeddable":true,"href":"https:\/\/arno.org.mk\/sq\/wp-json\/wp\/v2\/users\/5"}],"replies":[{"embeddable":true,"href":"https:\/\/arno.org.mk\/sq\/wp-json\/wp\/v2\/comments?post=6950"}],"version-history":[{"count":4,"href":"https:\/\/arno.org.mk\/sq\/wp-json\/wp\/v2\/posts\/6950\/revisions"}],"predecessor-version":[{"id":6976,"href":"https:\/\/arno.org.mk\/sq\/wp-json\/wp\/v2\/posts\/6950\/revisions\/6976"}],"wp:featuredmedia":[{"embeddable":true,"href":"https:\/\/arno.org.mk\/sq\/wp-json\/wp\/v2\/media\/6973"}],"wp:attachment":[{"href":"https:\/\/arno.org.mk\/sq\/wp-json\/wp\/v2\/media?parent=6950"}],"wp:term":[{"taxonomy":"category","embeddable":true,"href":"https:\/\/arno.org.mk\/sq\/wp-json\/wp\/v2\/categories?post=6950"},{"taxonomy":"post_tag","embeddable":true,"href":"https:\/\/arno.org.mk\/sq\/wp-json\/wp\/v2\/tags?post=6950"}],"curies":[{"name":"wp","href":"https:\/\/api.w.org\/{rel}","templated":true}]}}