{"id":676,"date":"2020-09-16T22:28:44","date_gmt":"2020-09-16T22:28:44","guid":{"rendered":"http:\/\/arno.org.mk\/uncategorized-sq\/inkubatori-rajonal-per-sipermarresit-sociale-rise\/"},"modified":"2021-05-25T14:37:58","modified_gmt":"2021-05-25T14:37:58","slug":"inkubatori-rajonal-per-sipermarresit-sociale-rise","status":"publish","type":"post","link":"https:\/\/arno.org.mk\/sq\/projekte\/inkubatori-rajonal-per-sipermarresit-sociale-rise\/","title":{"rendered":"Inkubatori rajonal p\u00ebr sip\u00ebrmarr\u00ebsit social\u00eb (RISE)"},"content":{"rendered":"<p>Projekti RISE mb\u00ebshtet mbi 200 sip\u00ebrmarr\u00ebs t\u00eb rinj nga Shqip\u00ebria, Bosnja dhe Hercegovina, Kosova, Mali i Zi, Maqedonia e Veriut dhe Serbia, p\u00ebr t\u00eb zhvilluar idet\u00eb e tyre t\u00eb biznesit shoq\u00ebror.<\/p>\n<p>P\u00ebrmes nj\u00eb serie pun\u00ebtorish, programesh p\u00ebr l\u00ebvizshm\u00ebri dhe mb\u00ebshtetje financiare, t\u00eb rinjt\u00eb do t\u00eb ken\u00eb nj\u00eb shans p\u00ebr t\u00eb m\u00ebsuar, rritur, zhvilluar bizneset e tyre dhe n\u00eb t\u00eb nj\u00ebjt\u00ebn koh\u00eb t\u00eb ndihmojn\u00eb n\u00eb zgjidhjen e problemeve brenda bashk\u00ebsive t\u00eb tyre lokale. RISE synon t\u00eb pasuroj\u00eb ekosistemin e sip\u00ebrmarrjes sociale t\u00eb Ballkanit Per\u00ebndimor dhe t\u00eb mund\u00ebsoj\u00eb t\u00eb rinjt\u00eb t\u00eb zhvillojn\u00eb zgjidhje inovative shoq\u00ebrore, duke kontribuar k\u00ebshtu n\u00eb pajtimin dhe bashk\u00ebpunimin rajonal.<\/p>\n<p>\u00cbsht\u00eb nj\u00eb projekt tre-vje\u00e7ar q\u00eb filloi n\u00eb 1 tetor 2019, dhe tani po zbatohet n\u00eb t\u00eb gjith\u00eb Ballkanin Per\u00ebndimor.<\/p>\n<p>ARNO \u00ebsht\u00eb krenar q\u00eb \u00ebsht\u00eb zgjedhur si Inkubator Lokal dhe Struktur Komb\u00ebtare p\u00ebr Zbatimin e projektit, s\u00eb bashku me partner\u00eb t\u00eb besuesh\u00ebm nga rajoni.<\/p>\n<p><strong>Pikat kryesore:<\/strong> Karakteristikat e Korniz\u00ebs RISE: Ekipet RISE (skuadrat), Risers (pjes\u00ebmarr\u00ebs individual), RISE Udh\u00ebtimi, Kapitulli i Ideimit, Kapitulli i Inkubacionit, Sesioni RISE (trajnime), RISE BootCamp (ngjarje rajonale), dhe RISE ekspedit\u00eb (mobilitet).<\/p>\n","protected":false},"excerpt":{"rendered":"<p>Projekti RISE mb\u00ebshtet mbi 200 sip\u00ebrmarr\u00ebs t\u00eb rinj nga Shqip\u00ebria, Bosnja dhe Hercegovina, Kosova, Mali i Zi, Maqedonia e Veriut dhe Serbia, p\u00ebr t\u00eb zhvilluar&#8230; [&#8230;]<\/p>\n<p><a class=\"btn btn-secondary understrap-read-more-link\" href=\"https:\/\/arno.org.mk\/sq\/projekte\/inkubatori-rajonal-per-sipermarresit-sociale-rise\/\">Read More&#8230;<\/a><\/p>\n","protected":false},"author":1,"featured_media":577,"comment_status":"open","ping_status":"open","sticky":false,"template":"","format":"standard","meta":{"_acf_changed":false,"footnotes":""},"categories":[38,27],"tags":[],"class_list":["post-676","post","type-post","status-publish","format-standard","has-post-thumbnail","hentry","category-programi-zhvillimi-te-qendrueshem","category-projekte"],"acf":[],"yoast_head":"<!-- This site is optimized with the Yoast SEO plugin v27.5 - https:\/\/yoast.com\/product\/yoast-seo-wordpress\/ -->\n<title>Inkubatori rajonal p\u00ebr sip\u00ebrmarr\u00ebsit social\u00eb (RISE) - ARNO<\/title>\n<meta name=\"description\" content=\"Projekti RISE mb\u00ebshtet mbi 200 sip\u00ebrmarr\u00ebs t\u00eb rinj nga Shqip\u00ebria, Bosnja dhe Hercegovina, Kosova, Mali i Zi, Maqedonia e Veriut dhe Serbia, p\u00ebr t\u00eb zhvilluar idet\u00eb e tyre t\u00eb biznesit shoq\u00ebror.\" \/>\n<meta name=\"robots\" content=\"index, follow, max-snippet:-1, max-image-preview:large, max-video-preview:-1\" \/>\n<link rel=\"canonical\" href=\"https:\/\/arno.org.mk\/sq\/projekte\/inkubatori-rajonal-per-sipermarresit-sociale-rise\/\" \/>\n<meta property=\"og:locale\" content=\"sq_AL\" \/>\n<meta property=\"og:type\" content=\"article\" \/>\n<meta property=\"og:title\" content=\"Inkubatori rajonal p\u00ebr sip\u00ebrmarr\u00ebsit social\u00eb (RISE) - ARNO\" \/>\n<meta property=\"og:description\" content=\"Projekti RISE mb\u00ebshtet mbi 200 sip\u00ebrmarr\u00ebs t\u00eb rinj nga Shqip\u00ebria, Bosnja dhe Hercegovina, Kosova, Mali i Zi, Maqedonia e Veriut dhe Serbia, p\u00ebr t\u00eb zhvilluar idet\u00eb e tyre t\u00eb biznesit shoq\u00ebror.\" \/>\n<meta property=\"og:url\" content=\"https:\/\/arno.org.mk\/sq\/projekte\/inkubatori-rajonal-per-sipermarresit-sociale-rise\/\" \/>\n<meta property=\"og:site_name\" content=\"ARNO\" \/>\n<meta property=\"article:publisher\" content=\"https:\/\/www.facebook.com\/ARNO.Social.Innovation\" \/>\n<meta property=\"article:published_time\" content=\"2020-09-16T22:28:44+00:00\" \/>\n<meta property=\"article:modified_time\" content=\"2021-05-25T14:37:58+00:00\" \/>\n<meta property=\"og:image\" content=\"https:\/\/arno.org.mk\/wp-content\/uploads\/2020\/10\/Arno_Projects_Thumbnail_600x600_RIS.jpg\" \/>\n\t<meta property=\"og:image:width\" content=\"600\" \/>\n\t<meta property=\"og:image:height\" content=\"600\" \/>\n\t<meta property=\"og:image:type\" content=\"image\/jpeg\" \/>\n<meta name=\"author\" content=\"arnoadmin\" \/>\n<meta name=\"twitter:card\" content=\"summary_large_image\" \/>\n<meta name=\"twitter:creator\" content=\"@ARNO_mkd\" \/>\n<meta name=\"twitter:site\" content=\"@ARNO_mkd\" \/>\n<meta name=\"twitter:label1\" content=\"Written by\" \/>\n\t<meta name=\"twitter:data1\" content=\"arnoadmin\" \/>\n\t<meta name=\"twitter:label2\" content=\"Est. reading time\" \/>\n\t<meta name=\"twitter:data2\" content=\"1 minute\" \/>\n<script type=\"application\/ld+json\" class=\"yoast-schema-graph\">{\"@context\":\"https:\\\/\\\/schema.org\",\"@graph\":[{\"@type\":\"Article\",\"@id\":\"https:\\\/\\\/arno.org.mk\\\/sq\\\/projekte\\\/inkubatori-rajonal-per-sipermarresit-sociale-rise\\\/#article\",\"isPartOf\":{\"@id\":\"https:\\\/\\\/arno.org.mk\\\/sq\\\/projekte\\\/inkubatori-rajonal-per-sipermarresit-sociale-rise\\\/\"},\"author\":{\"name\":\"arnoadmin\",\"@id\":\"https:\\\/\\\/arno.org.mk\\\/sq\\\/#\\\/schema\\\/person\\\/93ae20d101ff897fd05d587bb33beb0d\"},\"headline\":\"Inkubatori rajonal p\u00ebr sip\u00ebrmarr\u00ebsit social\u00eb (RISE)\",\"datePublished\":\"2020-09-16T22:28:44+00:00\",\"dateModified\":\"2021-05-25T14:37:58+00:00\",\"mainEntityOfPage\":{\"@id\":\"https:\\\/\\\/arno.org.mk\\\/sq\\\/projekte\\\/inkubatori-rajonal-per-sipermarresit-sociale-rise\\\/\"},\"wordCount\":213,\"commentCount\":0,\"image\":{\"@id\":\"https:\\\/\\\/arno.org.mk\\\/sq\\\/projekte\\\/inkubatori-rajonal-per-sipermarresit-sociale-rise\\\/#primaryimage\"},\"thumbnailUrl\":\"https:\\\/\\\/arno.org.mk\\\/wp-content\\\/uploads\\\/2020\\\/10\\\/Arno_Projects_Thumbnail_600x600_RIS.jpg\",\"articleSection\":[\"Programi p\u00ebr Zhvillimi t\u00eb Q\u00ebndruesh\u00ebm\",\"Projekte\"],\"inLanguage\":\"sq-AL\",\"potentialAction\":[{\"@type\":\"CommentAction\",\"name\":\"Comment\",\"target\":[\"https:\\\/\\\/arno.org.mk\\\/sq\\\/projekte\\\/inkubatori-rajonal-per-sipermarresit-sociale-rise\\\/#respond\"]}]},{\"@type\":\"WebPage\",\"@id\":\"https:\\\/\\\/arno.org.mk\\\/sq\\\/projekte\\\/inkubatori-rajonal-per-sipermarresit-sociale-rise\\\/\",\"url\":\"https:\\\/\\\/arno.org.mk\\\/sq\\\/projekte\\\/inkubatori-rajonal-per-sipermarresit-sociale-rise\\\/\",\"name\":\"Inkubatori rajonal p\u00ebr sip\u00ebrmarr\u00ebsit social\u00eb (RISE) - ARNO\",\"isPartOf\":{\"@id\":\"https:\\\/\\\/arno.org.mk\\\/sq\\\/#website\"},\"primaryImageOfPage\":{\"@id\":\"https:\\\/\\\/arno.org.mk\\\/sq\\\/projekte\\\/inkubatori-rajonal-per-sipermarresit-sociale-rise\\\/#primaryimage\"},\"image\":{\"@id\":\"https:\\\/\\\/arno.org.mk\\\/sq\\\/projekte\\\/inkubatori-rajonal-per-sipermarresit-sociale-rise\\\/#primaryimage\"},\"thumbnailUrl\":\"https:\\\/\\\/arno.org.mk\\\/wp-content\\\/uploads\\\/2020\\\/10\\\/Arno_Projects_Thumbnail_600x600_RIS.jpg\",\"datePublished\":\"2020-09-16T22:28:44+00:00\",\"dateModified\":\"2021-05-25T14:37:58+00:00\",\"author\":{\"@id\":\"https:\\\/\\\/arno.org.mk\\\/sq\\\/#\\\/schema\\\/person\\\/93ae20d101ff897fd05d587bb33beb0d\"},\"description\":\"Projekti RISE mb\u00ebshtet mbi 200 sip\u00ebrmarr\u00ebs t\u00eb rinj nga Shqip\u00ebria, Bosnja dhe Hercegovina, Kosova, Mali i Zi, Maqedonia e Veriut dhe Serbia, p\u00ebr t\u00eb zhvilluar idet\u00eb e tyre t\u00eb biznesit shoq\u00ebror.\",\"breadcrumb\":{\"@id\":\"https:\\\/\\\/arno.org.mk\\\/sq\\\/projekte\\\/inkubatori-rajonal-per-sipermarresit-sociale-rise\\\/#breadcrumb\"},\"inLanguage\":\"sq-AL\",\"potentialAction\":[{\"@type\":\"ReadAction\",\"target\":[\"https:\\\/\\\/arno.org.mk\\\/sq\\\/projekte\\\/inkubatori-rajonal-per-sipermarresit-sociale-rise\\\/\"]}]},{\"@type\":\"ImageObject\",\"inLanguage\":\"sq-AL\",\"@id\":\"https:\\\/\\\/arno.org.mk\\\/sq\\\/projekte\\\/inkubatori-rajonal-per-sipermarresit-sociale-rise\\\/#primaryimage\",\"url\":\"https:\\\/\\\/arno.org.mk\\\/wp-content\\\/uploads\\\/2020\\\/10\\\/Arno_Projects_Thumbnail_600x600_RIS.jpg\",\"contentUrl\":\"https:\\\/\\\/arno.org.mk\\\/wp-content\\\/uploads\\\/2020\\\/10\\\/Arno_Projects_Thumbnail_600x600_RIS.jpg\",\"width\":600,\"height\":600},{\"@type\":\"BreadcrumbList\",\"@id\":\"https:\\\/\\\/arno.org.mk\\\/sq\\\/projekte\\\/inkubatori-rajonal-per-sipermarresit-sociale-rise\\\/#breadcrumb\",\"itemListElement\":[{\"@type\":\"ListItem\",\"position\":1,\"name\":\"Faqja kryesore\",\"item\":\"https:\\\/\\\/arno.org.mk\\\/sq\\\/\"},{\"@type\":\"ListItem\",\"position\":2,\"name\":\"Inkubatori rajonal p\u00ebr sip\u00ebrmarr\u00ebsit social\u00eb (RISE)\"}]},{\"@type\":\"WebSite\",\"@id\":\"https:\\\/\\\/arno.org.mk\\\/sq\\\/#website\",\"url\":\"https:\\\/\\\/arno.org.mk\\\/sq\\\/\",\"name\":\"ARNO\",\"description\":\"We are ARNO and we do good!\",\"potentialAction\":[{\"@type\":\"SearchAction\",\"target\":{\"@type\":\"EntryPoint\",\"urlTemplate\":\"https:\\\/\\\/arno.org.mk\\\/sq\\\/?s={search_term_string}\"},\"query-input\":{\"@type\":\"PropertyValueSpecification\",\"valueRequired\":true,\"valueName\":\"search_term_string\"}}],\"inLanguage\":\"sq-AL\"},{\"@type\":\"Person\",\"@id\":\"https:\\\/\\\/arno.org.mk\\\/sq\\\/#\\\/schema\\\/person\\\/93ae20d101ff897fd05d587bb33beb0d\",\"name\":\"arnoadmin\",\"image\":{\"@type\":\"ImageObject\",\"inLanguage\":\"sq-AL\",\"@id\":\"https:\\\/\\\/secure.gravatar.com\\\/avatar\\\/5eb0d14c31a4fe20a658b7f13e70bb654523c6ede1d439137702562d92f84d50?s=96&d=mm&r=g\",\"url\":\"https:\\\/\\\/secure.gravatar.com\\\/avatar\\\/5eb0d14c31a4fe20a658b7f13e70bb654523c6ede1d439137702562d92f84d50?s=96&d=mm&r=g\",\"contentUrl\":\"https:\\\/\\\/secure.gravatar.com\\\/avatar\\\/5eb0d14c31a4fe20a658b7f13e70bb654523c6ede1d439137702562d92f84d50?s=96&d=mm&r=g\",\"caption\":\"arnoadmin\"},\"sameAs\":[\"https:\\\/\\\/arnotemp.zeleniidei.mk\"],\"url\":\"https:\\\/\\\/arno.org.mk\\\/sq\\\/author\\\/arnoadmin\\\/\"}]}<\/script>\n<!-- \/ Yoast SEO plugin. -->","yoast_head_json":{"title":"Inkubatori rajonal p\u00ebr sip\u00ebrmarr\u00ebsit social\u00eb (RISE) - ARNO","description":"Projekti RISE mb\u00ebshtet mbi 200 sip\u00ebrmarr\u00ebs t\u00eb rinj nga Shqip\u00ebria, Bosnja dhe Hercegovina, Kosova, Mali i Zi, Maqedonia e Veriut dhe Serbia, p\u00ebr t\u00eb zhvilluar idet\u00eb e tyre t\u00eb biznesit shoq\u00ebror.","robots":{"index":"index","follow":"follow","max-snippet":"max-snippet:-1","max-image-preview":"max-image-preview:large","max-video-preview":"max-video-preview:-1"},"canonical":"https:\/\/arno.org.mk\/sq\/projekte\/inkubatori-rajonal-per-sipermarresit-sociale-rise\/","og_locale":"sq_AL","og_type":"article","og_title":"Inkubatori rajonal p\u00ebr sip\u00ebrmarr\u00ebsit social\u00eb (RISE) - ARNO","og_description":"Projekti RISE mb\u00ebshtet mbi 200 sip\u00ebrmarr\u00ebs t\u00eb rinj nga Shqip\u00ebria, Bosnja dhe Hercegovina, Kosova, Mali i Zi, Maqedonia e Veriut dhe Serbia, p\u00ebr t\u00eb zhvilluar idet\u00eb e tyre t\u00eb biznesit shoq\u00ebror.","og_url":"https:\/\/arno.org.mk\/sq\/projekte\/inkubatori-rajonal-per-sipermarresit-sociale-rise\/","og_site_name":"ARNO","article_publisher":"https:\/\/www.facebook.com\/ARNO.Social.Innovation","article_published_time":"2020-09-16T22:28:44+00:00","article_modified_time":"2021-05-25T14:37:58+00:00","og_image":[{"width":600,"height":600,"url":"https:\/\/arno.org.mk\/wp-content\/uploads\/2020\/10\/Arno_Projects_Thumbnail_600x600_RIS.jpg","type":"image\/jpeg"}],"author":"arnoadmin","twitter_card":"summary_large_image","twitter_creator":"@ARNO_mkd","twitter_site":"@ARNO_mkd","twitter_misc":{"Written by":"arnoadmin","Est. reading time":"1 minute"},"schema":{"@context":"https:\/\/schema.org","@graph":[{"@type":"Article","@id":"https:\/\/arno.org.mk\/sq\/projekte\/inkubatori-rajonal-per-sipermarresit-sociale-rise\/#article","isPartOf":{"@id":"https:\/\/arno.org.mk\/sq\/projekte\/inkubatori-rajonal-per-sipermarresit-sociale-rise\/"},"author":{"name":"arnoadmin","@id":"https:\/\/arno.org.mk\/sq\/#\/schema\/person\/93ae20d101ff897fd05d587bb33beb0d"},"headline":"Inkubatori rajonal p\u00ebr sip\u00ebrmarr\u00ebsit social\u00eb (RISE)","datePublished":"2020-09-16T22:28:44+00:00","dateModified":"2021-05-25T14:37:58+00:00","mainEntityOfPage":{"@id":"https:\/\/arno.org.mk\/sq\/projekte\/inkubatori-rajonal-per-sipermarresit-sociale-rise\/"},"wordCount":213,"commentCount":0,"image":{"@id":"https:\/\/arno.org.mk\/sq\/projekte\/inkubatori-rajonal-per-sipermarresit-sociale-rise\/#primaryimage"},"thumbnailUrl":"https:\/\/arno.org.mk\/wp-content\/uploads\/2020\/10\/Arno_Projects_Thumbnail_600x600_RIS.jpg","articleSection":["Programi p\u00ebr Zhvillimi t\u00eb Q\u00ebndruesh\u00ebm","Projekte"],"inLanguage":"sq-AL","potentialAction":[{"@type":"CommentAction","name":"Comment","target":["https:\/\/arno.org.mk\/sq\/projekte\/inkubatori-rajonal-per-sipermarresit-sociale-rise\/#respond"]}]},{"@type":"WebPage","@id":"https:\/\/arno.org.mk\/sq\/projekte\/inkubatori-rajonal-per-sipermarresit-sociale-rise\/","url":"https:\/\/arno.org.mk\/sq\/projekte\/inkubatori-rajonal-per-sipermarresit-sociale-rise\/","name":"Inkubatori rajonal p\u00ebr sip\u00ebrmarr\u00ebsit social\u00eb (RISE) - ARNO","isPartOf":{"@id":"https:\/\/arno.org.mk\/sq\/#website"},"primaryImageOfPage":{"@id":"https:\/\/arno.org.mk\/sq\/projekte\/inkubatori-rajonal-per-sipermarresit-sociale-rise\/#primaryimage"},"image":{"@id":"https:\/\/arno.org.mk\/sq\/projekte\/inkubatori-rajonal-per-sipermarresit-sociale-rise\/#primaryimage"},"thumbnailUrl":"https:\/\/arno.org.mk\/wp-content\/uploads\/2020\/10\/Arno_Projects_Thumbnail_600x600_RIS.jpg","datePublished":"2020-09-16T22:28:44+00:00","dateModified":"2021-05-25T14:37:58+00:00","author":{"@id":"https:\/\/arno.org.mk\/sq\/#\/schema\/person\/93ae20d101ff897fd05d587bb33beb0d"},"description":"Projekti RISE mb\u00ebshtet mbi 200 sip\u00ebrmarr\u00ebs t\u00eb rinj nga Shqip\u00ebria, Bosnja dhe Hercegovina, Kosova, Mali i Zi, Maqedonia e Veriut dhe Serbia, p\u00ebr t\u00eb zhvilluar idet\u00eb e tyre t\u00eb biznesit shoq\u00ebror.","breadcrumb":{"@id":"https:\/\/arno.org.mk\/sq\/projekte\/inkubatori-rajonal-per-sipermarresit-sociale-rise\/#breadcrumb"},"inLanguage":"sq-AL","potentialAction":[{"@type":"ReadAction","target":["https:\/\/arno.org.mk\/sq\/projekte\/inkubatori-rajonal-per-sipermarresit-sociale-rise\/"]}]},{"@type":"ImageObject","inLanguage":"sq-AL","@id":"https:\/\/arno.org.mk\/sq\/projekte\/inkubatori-rajonal-per-sipermarresit-sociale-rise\/#primaryimage","url":"https:\/\/arno.org.mk\/wp-content\/uploads\/2020\/10\/Arno_Projects_Thumbnail_600x600_RIS.jpg","contentUrl":"https:\/\/arno.org.mk\/wp-content\/uploads\/2020\/10\/Arno_Projects_Thumbnail_600x600_RIS.jpg","width":600,"height":600},{"@type":"BreadcrumbList","@id":"https:\/\/arno.org.mk\/sq\/projekte\/inkubatori-rajonal-per-sipermarresit-sociale-rise\/#breadcrumb","itemListElement":[{"@type":"ListItem","position":1,"name":"Faqja kryesore","item":"https:\/\/arno.org.mk\/sq\/"},{"@type":"ListItem","position":2,"name":"Inkubatori rajonal p\u00ebr sip\u00ebrmarr\u00ebsit social\u00eb (RISE)"}]},{"@type":"WebSite","@id":"https:\/\/arno.org.mk\/sq\/#website","url":"https:\/\/arno.org.mk\/sq\/","name":"ARNO","description":"We are ARNO and we do good!","potentialAction":[{"@type":"SearchAction","target":{"@type":"EntryPoint","urlTemplate":"https:\/\/arno.org.mk\/sq\/?s={search_term_string}"},"query-input":{"@type":"PropertyValueSpecification","valueRequired":true,"valueName":"search_term_string"}}],"inLanguage":"sq-AL"},{"@type":"Person","@id":"https:\/\/arno.org.mk\/sq\/#\/schema\/person\/93ae20d101ff897fd05d587bb33beb0d","name":"arnoadmin","image":{"@type":"ImageObject","inLanguage":"sq-AL","@id":"https:\/\/secure.gravatar.com\/avatar\/5eb0d14c31a4fe20a658b7f13e70bb654523c6ede1d439137702562d92f84d50?s=96&d=mm&r=g","url":"https:\/\/secure.gravatar.com\/avatar\/5eb0d14c31a4fe20a658b7f13e70bb654523c6ede1d439137702562d92f84d50?s=96&d=mm&r=g","contentUrl":"https:\/\/secure.gravatar.com\/avatar\/5eb0d14c31a4fe20a658b7f13e70bb654523c6ede1d439137702562d92f84d50?s=96&d=mm&r=g","caption":"arnoadmin"},"sameAs":["https:\/\/arnotemp.zeleniidei.mk"],"url":"https:\/\/arno.org.mk\/sq\/author\/arnoadmin\/"}]}},"_links":{"self":[{"href":"https:\/\/arno.org.mk\/sq\/wp-json\/wp\/v2\/posts\/676","targetHints":{"allow":["GET"]}}],"collection":[{"href":"https:\/\/arno.org.mk\/sq\/wp-json\/wp\/v2\/posts"}],"about":[{"href":"https:\/\/arno.org.mk\/sq\/wp-json\/wp\/v2\/types\/post"}],"author":[{"embeddable":true,"href":"https:\/\/arno.org.mk\/sq\/wp-json\/wp\/v2\/users\/1"}],"replies":[{"embeddable":true,"href":"https:\/\/arno.org.mk\/sq\/wp-json\/wp\/v2\/comments?post=676"}],"version-history":[{"count":1,"href":"https:\/\/arno.org.mk\/sq\/wp-json\/wp\/v2\/posts\/676\/revisions"}],"predecessor-version":[{"id":3391,"href":"https:\/\/arno.org.mk\/sq\/wp-json\/wp\/v2\/posts\/676\/revisions\/3391"}],"wp:featuredmedia":[{"embeddable":true,"href":"https:\/\/arno.org.mk\/sq\/wp-json\/wp\/v2\/media\/577"}],"wp:attachment":[{"href":"https:\/\/arno.org.mk\/sq\/wp-json\/wp\/v2\/media?parent=676"}],"wp:term":[{"taxonomy":"category","embeddable":true,"href":"https:\/\/arno.org.mk\/sq\/wp-json\/wp\/v2\/categories?post=676"},{"taxonomy":"post_tag","embeddable":true,"href":"https:\/\/arno.org.mk\/sq\/wp-json\/wp\/v2\/tags?post=676"}],"curies":[{"name":"wp","href":"https:\/\/api.w.org\/{rel}","templated":true}]}}