{"id":675,"date":"2020-09-16T22:27:27","date_gmt":"2020-09-16T22:27:27","guid":{"rendered":"http:\/\/arno.org.mk\/uncategorized-sq\/seed\/"},"modified":"2023-01-23T11:02:45","modified_gmt":"2023-01-23T11:02:45","slug":"seed","status":"publish","type":"post","link":"https:\/\/arno.org.mk\/sq\/projekte\/seed\/","title":{"rendered":"SEED"},"content":{"rendered":"<p>N\u00eb p\u00ebrgjigje t\u00eb efekteve t\u00eb kriz\u00ebs ekonomike, buxhetet e kufizuara publike dhe madh\u00ebsia e sfidave n\u00eb t\u00eb ardhmen, Sip\u00ebrmarr\u00ebsia Sociale dhe P\u00ebrgjegj\u00ebsia shoq\u00ebrore e Korporatave (PShK) dol\u00ebn si p\u00ebrpar\u00ebsi kryesore e politik\u00ebs n\u00eb BE. Sidoqoft\u00eb, edukimi dhe trajnimi afarist dhe ekonomik nuk e pasqyrojn\u00eb n\u00eb m\u00ebnyr\u00eb t\u00eb duhur k\u00ebt\u00eb prirje. Brezave t\u00eb rinj duhet tu m\u00ebsohen modele t\u00eb reja biznesi q\u00eb reflektojn\u00eb Sip\u00ebrmarrjen Sociale dhe t&#8217;i kthejn\u00eb komunitetit p\u00ebrmes p\u00ebrgjegj\u00ebsis\u00eb korporative, sociale dhe filantropis\u00eb. Konteksti i projektit \u00ebsht\u00eb I bazuar n\u00eb historin e suksesit s\u00eb partneritetit t\u00eb nd\u00ebrtuar me shkollat dhe njohurive q\u00eb do t\u00eb sigurohen nga dy OJQ-t\u00eb, ARNO dhe GoGreen nga Belgjika.<\/p>\n<p>Q\u00ebllimi kryesor i projektit SEED \u00ebsht\u00eb t\u00eb afroj\u00eb arsimin e sip\u00ebrmarrjes edhe m\u00eb af\u00ebr nx\u00ebn\u00ebsve p\u00ebrmes m\u00ebsimit t\u00eb modelit t\u00eb ri t\u00eb biznesit t\u00eb Nd\u00ebrmarr\u00ebsis\u00eb Sociale si pjes\u00eb e l\u00ebnd\u00ebs shkollore &#8220;Sip\u00ebrmarr\u00ebsia&#8221;, e cila m\u00ebsohet n\u00eb 3 shkolla (Kroaci, Lituani, Maqedonin e Veriut), dhe ekspozimi i nx\u00ebn\u00ebsve n\u00eb komunitetet e biznesit.<\/p>\n<p>Projekti SEED \u00ebsht\u00eb krijuar p\u00ebr t\u00eb mund\u00ebsuar q\u00eb student\u00ebt t\u00eb b\u00ebhen nd\u00ebrmarr\u00ebs t\u00eb ardhsh\u00ebm social. \u00cbsht\u00eb krijuar gjithashtu q\u00eb shoq\u00ebria t\u00eb njoh\u00eb r\u00ebnd\u00ebsin\u00eb dhe rolin e komuniteteve (edhe komunat e vogla mund t\u00eb b\u00ebjn\u00eb shum\u00eb), si dhe qasje t\u00eb reja, t\u00eb q\u00ebndrueshme n\u00eb biznes dhe arsim. P\u00ebrmes projektit SEED, t\u00eb rinjt\u00eb do t\u00eb m\u00ebsojn\u00eb aft\u00ebsi thelb\u00ebsore p\u00ebr drejtimin e nj\u00eb biznesi nd\u00ebrsa m\u00ebsojn\u00eb gjithashtu p\u00ebr filantropin\u00eb, krijimtarin\u00eb, udh\u00ebheqjen dhe pun\u00ebn n\u00eb ekip. Kjo gjithashtu do t\u00eb p\u00ebrfshij\u00eb nj\u00eb p\u00ebrqendrim n\u00eb shtrirjen e komunitetit dhe rilidhjen me nx\u00ebn\u00ebsit e tyre (alumni) nga shkolla e tyre.<\/p>\n<p><strong>Pikat kryesore:<\/strong> Materialet promovuese paraqesin karta t\u00eb mbjella me fara t\u00eb b\u00ebra nga nj\u00eb biznes i gjelb\u00ebr lokal, (maqedonas) i drejtuar nga nj\u00eb dizajnere e re.<\/p>\n","protected":false},"excerpt":{"rendered":"<p>N\u00eb p\u00ebrgjigje t\u00eb efekteve t\u00eb kriz\u00ebs ekonomike, buxhetet e kufizuara publike dhe madh\u00ebsia e sfidave n\u00eb t\u00eb ardhmen, Sip\u00ebrmarr\u00ebsia Sociale dhe P\u00ebrgjegj\u00ebsia shoq\u00ebrore e Korporatave&#8230; [&#8230;]<\/p>\n<p><a class=\"btn btn-secondary understrap-read-more-link\" href=\"https:\/\/arno.org.mk\/sq\/projekte\/seed\/\">Read More&#8230;<\/a><\/p>\n","protected":false},"author":1,"featured_media":5248,"comment_status":"open","ping_status":"open","sticky":false,"template":"","format":"standard","meta":{"_acf_changed":false,"footnotes":""},"categories":[39,27],"tags":[],"class_list":["post-675","post","type-post","status-publish","format-standard","has-post-thumbnail","hentry","category-programit-rinor-sq","category-projekte"],"acf":[],"yoast_head":"<!-- This site is optimized with the Yoast SEO plugin v27.5 - https:\/\/yoast.com\/product\/yoast-seo-wordpress\/ -->\n<title>SEED - ARNO<\/title>\n<meta name=\"description\" content=\"N\u00eb p\u00ebrgjigje t\u00eb efekteve t\u00eb kriz\u00ebs ekonomike, buxhetet e kufizuara publike dhe madh\u00ebsia e sfidave n\u00eb t\u00eb ardhmen, Sip\u00ebrmarr\u00ebsia Sociale dhe P\u00ebrgjegj\u00ebsia shoq\u00ebrore e Korporatave (PShK) dol\u00ebn si p\u00ebrpar\u00ebsi kryesore e politik\u00ebs n\u00eb BE\" \/>\n<meta name=\"robots\" content=\"index, follow, max-snippet:-1, max-image-preview:large, max-video-preview:-1\" \/>\n<link rel=\"canonical\" href=\"https:\/\/arno.org.mk\/sq\/projekte\/seed\/\" \/>\n<meta property=\"og:locale\" content=\"sq_AL\" \/>\n<meta property=\"og:type\" content=\"article\" \/>\n<meta property=\"og:title\" content=\"SEED - ARNO\" \/>\n<meta property=\"og:description\" content=\"N\u00eb p\u00ebrgjigje t\u00eb efekteve t\u00eb kriz\u00ebs ekonomike, buxhetet e kufizuara publike dhe madh\u00ebsia e sfidave n\u00eb t\u00eb ardhmen, Sip\u00ebrmarr\u00ebsia Sociale dhe P\u00ebrgjegj\u00ebsia shoq\u00ebrore e Korporatave (PShK) dol\u00ebn si p\u00ebrpar\u00ebsi kryesore e politik\u00ebs n\u00eb BE\" \/>\n<meta property=\"og:url\" content=\"https:\/\/arno.org.mk\/sq\/projekte\/seed\/\" \/>\n<meta property=\"og:site_name\" content=\"ARNO\" \/>\n<meta property=\"article:publisher\" content=\"https:\/\/www.facebook.com\/ARNO.Social.Innovation\" \/>\n<meta property=\"article:published_time\" content=\"2020-09-16T22:27:27+00:00\" \/>\n<meta property=\"article:modified_time\" content=\"2023-01-23T11:02:45+00:00\" \/>\n<meta property=\"og:image\" content=\"https:\/\/arno.org.mk\/wp-content\/uploads\/2020\/09\/seed-logo-za-web-.png\" \/>\n\t<meta property=\"og:image:width\" content=\"400\" \/>\n\t<meta property=\"og:image:height\" content=\"400\" \/>\n\t<meta property=\"og:image:type\" content=\"image\/png\" \/>\n<meta name=\"author\" content=\"arnoadmin\" \/>\n<meta name=\"twitter:card\" content=\"summary_large_image\" \/>\n<meta name=\"twitter:creator\" content=\"@ARNO_mkd\" \/>\n<meta name=\"twitter:site\" content=\"@ARNO_mkd\" \/>\n<meta name=\"twitter:label1\" content=\"Written by\" \/>\n\t<meta name=\"twitter:data1\" content=\"arnoadmin\" \/>\n\t<meta name=\"twitter:label2\" content=\"Est. reading time\" \/>\n\t<meta name=\"twitter:data2\" content=\"2 minutes\" \/>\n<script type=\"application\/ld+json\" class=\"yoast-schema-graph\">{\"@context\":\"https:\\\/\\\/schema.org\",\"@graph\":[{\"@type\":\"Article\",\"@id\":\"https:\\\/\\\/arno.org.mk\\\/sq\\\/projekte\\\/seed\\\/#article\",\"isPartOf\":{\"@id\":\"https:\\\/\\\/arno.org.mk\\\/sq\\\/projekte\\\/seed\\\/\"},\"author\":{\"name\":\"arnoadmin\",\"@id\":\"https:\\\/\\\/arno.org.mk\\\/sq\\\/#\\\/schema\\\/person\\\/93ae20d101ff897fd05d587bb33beb0d\"},\"headline\":\"SEED\",\"datePublished\":\"2020-09-16T22:27:27+00:00\",\"dateModified\":\"2023-01-23T11:02:45+00:00\",\"mainEntityOfPage\":{\"@id\":\"https:\\\/\\\/arno.org.mk\\\/sq\\\/projekte\\\/seed\\\/\"},\"wordCount\":339,\"commentCount\":0,\"image\":{\"@id\":\"https:\\\/\\\/arno.org.mk\\\/sq\\\/projekte\\\/seed\\\/#primaryimage\"},\"thumbnailUrl\":\"https:\\\/\\\/arno.org.mk\\\/wp-content\\\/uploads\\\/2020\\\/09\\\/seed-logo-za-web-.png\",\"articleSection\":[\"Programit ton\u00eb Rinor\",\"Projekte\"],\"inLanguage\":\"sq-AL\",\"potentialAction\":[{\"@type\":\"CommentAction\",\"name\":\"Comment\",\"target\":[\"https:\\\/\\\/arno.org.mk\\\/sq\\\/projekte\\\/seed\\\/#respond\"]}]},{\"@type\":\"WebPage\",\"@id\":\"https:\\\/\\\/arno.org.mk\\\/sq\\\/projekte\\\/seed\\\/\",\"url\":\"https:\\\/\\\/arno.org.mk\\\/sq\\\/projekte\\\/seed\\\/\",\"name\":\"SEED - ARNO\",\"isPartOf\":{\"@id\":\"https:\\\/\\\/arno.org.mk\\\/sq\\\/#website\"},\"primaryImageOfPage\":{\"@id\":\"https:\\\/\\\/arno.org.mk\\\/sq\\\/projekte\\\/seed\\\/#primaryimage\"},\"image\":{\"@id\":\"https:\\\/\\\/arno.org.mk\\\/sq\\\/projekte\\\/seed\\\/#primaryimage\"},\"thumbnailUrl\":\"https:\\\/\\\/arno.org.mk\\\/wp-content\\\/uploads\\\/2020\\\/09\\\/seed-logo-za-web-.png\",\"datePublished\":\"2020-09-16T22:27:27+00:00\",\"dateModified\":\"2023-01-23T11:02:45+00:00\",\"author\":{\"@id\":\"https:\\\/\\\/arno.org.mk\\\/sq\\\/#\\\/schema\\\/person\\\/93ae20d101ff897fd05d587bb33beb0d\"},\"description\":\"N\u00eb p\u00ebrgjigje t\u00eb efekteve t\u00eb kriz\u00ebs ekonomike, buxhetet e kufizuara publike dhe madh\u00ebsia e sfidave n\u00eb t\u00eb ardhmen, Sip\u00ebrmarr\u00ebsia Sociale dhe P\u00ebrgjegj\u00ebsia shoq\u00ebrore e Korporatave (PShK) dol\u00ebn si p\u00ebrpar\u00ebsi kryesore e politik\u00ebs n\u00eb BE\",\"breadcrumb\":{\"@id\":\"https:\\\/\\\/arno.org.mk\\\/sq\\\/projekte\\\/seed\\\/#breadcrumb\"},\"inLanguage\":\"sq-AL\",\"potentialAction\":[{\"@type\":\"ReadAction\",\"target\":[\"https:\\\/\\\/arno.org.mk\\\/sq\\\/projekte\\\/seed\\\/\"]}]},{\"@type\":\"ImageObject\",\"inLanguage\":\"sq-AL\",\"@id\":\"https:\\\/\\\/arno.org.mk\\\/sq\\\/projekte\\\/seed\\\/#primaryimage\",\"url\":\"https:\\\/\\\/arno.org.mk\\\/wp-content\\\/uploads\\\/2020\\\/09\\\/seed-logo-za-web-.png\",\"contentUrl\":\"https:\\\/\\\/arno.org.mk\\\/wp-content\\\/uploads\\\/2020\\\/09\\\/seed-logo-za-web-.png\",\"width\":400,\"height\":400},{\"@type\":\"BreadcrumbList\",\"@id\":\"https:\\\/\\\/arno.org.mk\\\/sq\\\/projekte\\\/seed\\\/#breadcrumb\",\"itemListElement\":[{\"@type\":\"ListItem\",\"position\":1,\"name\":\"Faqja kryesore\",\"item\":\"https:\\\/\\\/arno.org.mk\\\/sq\\\/\"},{\"@type\":\"ListItem\",\"position\":2,\"name\":\"SEED\"}]},{\"@type\":\"WebSite\",\"@id\":\"https:\\\/\\\/arno.org.mk\\\/sq\\\/#website\",\"url\":\"https:\\\/\\\/arno.org.mk\\\/sq\\\/\",\"name\":\"ARNO\",\"description\":\"We are ARNO and we do good!\",\"potentialAction\":[{\"@type\":\"SearchAction\",\"target\":{\"@type\":\"EntryPoint\",\"urlTemplate\":\"https:\\\/\\\/arno.org.mk\\\/sq\\\/?s={search_term_string}\"},\"query-input\":{\"@type\":\"PropertyValueSpecification\",\"valueRequired\":true,\"valueName\":\"search_term_string\"}}],\"inLanguage\":\"sq-AL\"},{\"@type\":\"Person\",\"@id\":\"https:\\\/\\\/arno.org.mk\\\/sq\\\/#\\\/schema\\\/person\\\/93ae20d101ff897fd05d587bb33beb0d\",\"name\":\"arnoadmin\",\"image\":{\"@type\":\"ImageObject\",\"inLanguage\":\"sq-AL\",\"@id\":\"https:\\\/\\\/secure.gravatar.com\\\/avatar\\\/5eb0d14c31a4fe20a658b7f13e70bb654523c6ede1d439137702562d92f84d50?s=96&d=mm&r=g\",\"url\":\"https:\\\/\\\/secure.gravatar.com\\\/avatar\\\/5eb0d14c31a4fe20a658b7f13e70bb654523c6ede1d439137702562d92f84d50?s=96&d=mm&r=g\",\"contentUrl\":\"https:\\\/\\\/secure.gravatar.com\\\/avatar\\\/5eb0d14c31a4fe20a658b7f13e70bb654523c6ede1d439137702562d92f84d50?s=96&d=mm&r=g\",\"caption\":\"arnoadmin\"},\"sameAs\":[\"https:\\\/\\\/arnotemp.zeleniidei.mk\"],\"url\":\"https:\\\/\\\/arno.org.mk\\\/sq\\\/author\\\/arnoadmin\\\/\"}]}<\/script>\n<!-- \/ Yoast SEO plugin. -->","yoast_head_json":{"title":"SEED - ARNO","description":"N\u00eb p\u00ebrgjigje t\u00eb efekteve t\u00eb kriz\u00ebs ekonomike, buxhetet e kufizuara publike dhe madh\u00ebsia e sfidave n\u00eb t\u00eb ardhmen, Sip\u00ebrmarr\u00ebsia Sociale dhe P\u00ebrgjegj\u00ebsia shoq\u00ebrore e Korporatave (PShK) dol\u00ebn si p\u00ebrpar\u00ebsi kryesore e politik\u00ebs n\u00eb BE","robots":{"index":"index","follow":"follow","max-snippet":"max-snippet:-1","max-image-preview":"max-image-preview:large","max-video-preview":"max-video-preview:-1"},"canonical":"https:\/\/arno.org.mk\/sq\/projekte\/seed\/","og_locale":"sq_AL","og_type":"article","og_title":"SEED - ARNO","og_description":"N\u00eb p\u00ebrgjigje t\u00eb efekteve t\u00eb kriz\u00ebs ekonomike, buxhetet e kufizuara publike dhe madh\u00ebsia e sfidave n\u00eb t\u00eb ardhmen, Sip\u00ebrmarr\u00ebsia Sociale dhe P\u00ebrgjegj\u00ebsia shoq\u00ebrore e Korporatave (PShK) dol\u00ebn si p\u00ebrpar\u00ebsi kryesore e politik\u00ebs n\u00eb BE","og_url":"https:\/\/arno.org.mk\/sq\/projekte\/seed\/","og_site_name":"ARNO","article_publisher":"https:\/\/www.facebook.com\/ARNO.Social.Innovation","article_published_time":"2020-09-16T22:27:27+00:00","article_modified_time":"2023-01-23T11:02:45+00:00","og_image":[{"width":400,"height":400,"url":"https:\/\/arno.org.mk\/wp-content\/uploads\/2020\/09\/seed-logo-za-web-.png","type":"image\/png"}],"author":"arnoadmin","twitter_card":"summary_large_image","twitter_creator":"@ARNO_mkd","twitter_site":"@ARNO_mkd","twitter_misc":{"Written by":"arnoadmin","Est. reading time":"2 minutes"},"schema":{"@context":"https:\/\/schema.org","@graph":[{"@type":"Article","@id":"https:\/\/arno.org.mk\/sq\/projekte\/seed\/#article","isPartOf":{"@id":"https:\/\/arno.org.mk\/sq\/projekte\/seed\/"},"author":{"name":"arnoadmin","@id":"https:\/\/arno.org.mk\/sq\/#\/schema\/person\/93ae20d101ff897fd05d587bb33beb0d"},"headline":"SEED","datePublished":"2020-09-16T22:27:27+00:00","dateModified":"2023-01-23T11:02:45+00:00","mainEntityOfPage":{"@id":"https:\/\/arno.org.mk\/sq\/projekte\/seed\/"},"wordCount":339,"commentCount":0,"image":{"@id":"https:\/\/arno.org.mk\/sq\/projekte\/seed\/#primaryimage"},"thumbnailUrl":"https:\/\/arno.org.mk\/wp-content\/uploads\/2020\/09\/seed-logo-za-web-.png","articleSection":["Programit ton\u00eb Rinor","Projekte"],"inLanguage":"sq-AL","potentialAction":[{"@type":"CommentAction","name":"Comment","target":["https:\/\/arno.org.mk\/sq\/projekte\/seed\/#respond"]}]},{"@type":"WebPage","@id":"https:\/\/arno.org.mk\/sq\/projekte\/seed\/","url":"https:\/\/arno.org.mk\/sq\/projekte\/seed\/","name":"SEED - ARNO","isPartOf":{"@id":"https:\/\/arno.org.mk\/sq\/#website"},"primaryImageOfPage":{"@id":"https:\/\/arno.org.mk\/sq\/projekte\/seed\/#primaryimage"},"image":{"@id":"https:\/\/arno.org.mk\/sq\/projekte\/seed\/#primaryimage"},"thumbnailUrl":"https:\/\/arno.org.mk\/wp-content\/uploads\/2020\/09\/seed-logo-za-web-.png","datePublished":"2020-09-16T22:27:27+00:00","dateModified":"2023-01-23T11:02:45+00:00","author":{"@id":"https:\/\/arno.org.mk\/sq\/#\/schema\/person\/93ae20d101ff897fd05d587bb33beb0d"},"description":"N\u00eb p\u00ebrgjigje t\u00eb efekteve t\u00eb kriz\u00ebs ekonomike, buxhetet e kufizuara publike dhe madh\u00ebsia e sfidave n\u00eb t\u00eb ardhmen, Sip\u00ebrmarr\u00ebsia Sociale dhe P\u00ebrgjegj\u00ebsia shoq\u00ebrore e Korporatave (PShK) dol\u00ebn si p\u00ebrpar\u00ebsi kryesore e politik\u00ebs n\u00eb BE","breadcrumb":{"@id":"https:\/\/arno.org.mk\/sq\/projekte\/seed\/#breadcrumb"},"inLanguage":"sq-AL","potentialAction":[{"@type":"ReadAction","target":["https:\/\/arno.org.mk\/sq\/projekte\/seed\/"]}]},{"@type":"ImageObject","inLanguage":"sq-AL","@id":"https:\/\/arno.org.mk\/sq\/projekte\/seed\/#primaryimage","url":"https:\/\/arno.org.mk\/wp-content\/uploads\/2020\/09\/seed-logo-za-web-.png","contentUrl":"https:\/\/arno.org.mk\/wp-content\/uploads\/2020\/09\/seed-logo-za-web-.png","width":400,"height":400},{"@type":"BreadcrumbList","@id":"https:\/\/arno.org.mk\/sq\/projekte\/seed\/#breadcrumb","itemListElement":[{"@type":"ListItem","position":1,"name":"Faqja kryesore","item":"https:\/\/arno.org.mk\/sq\/"},{"@type":"ListItem","position":2,"name":"SEED"}]},{"@type":"WebSite","@id":"https:\/\/arno.org.mk\/sq\/#website","url":"https:\/\/arno.org.mk\/sq\/","name":"ARNO","description":"We are ARNO and we do good!","potentialAction":[{"@type":"SearchAction","target":{"@type":"EntryPoint","urlTemplate":"https:\/\/arno.org.mk\/sq\/?s={search_term_string}"},"query-input":{"@type":"PropertyValueSpecification","valueRequired":true,"valueName":"search_term_string"}}],"inLanguage":"sq-AL"},{"@type":"Person","@id":"https:\/\/arno.org.mk\/sq\/#\/schema\/person\/93ae20d101ff897fd05d587bb33beb0d","name":"arnoadmin","image":{"@type":"ImageObject","inLanguage":"sq-AL","@id":"https:\/\/secure.gravatar.com\/avatar\/5eb0d14c31a4fe20a658b7f13e70bb654523c6ede1d439137702562d92f84d50?s=96&d=mm&r=g","url":"https:\/\/secure.gravatar.com\/avatar\/5eb0d14c31a4fe20a658b7f13e70bb654523c6ede1d439137702562d92f84d50?s=96&d=mm&r=g","contentUrl":"https:\/\/secure.gravatar.com\/avatar\/5eb0d14c31a4fe20a658b7f13e70bb654523c6ede1d439137702562d92f84d50?s=96&d=mm&r=g","caption":"arnoadmin"},"sameAs":["https:\/\/arnotemp.zeleniidei.mk"],"url":"https:\/\/arno.org.mk\/sq\/author\/arnoadmin\/"}]}},"_links":{"self":[{"href":"https:\/\/arno.org.mk\/sq\/wp-json\/wp\/v2\/posts\/675","targetHints":{"allow":["GET"]}}],"collection":[{"href":"https:\/\/arno.org.mk\/sq\/wp-json\/wp\/v2\/posts"}],"about":[{"href":"https:\/\/arno.org.mk\/sq\/wp-json\/wp\/v2\/types\/post"}],"author":[{"embeddable":true,"href":"https:\/\/arno.org.mk\/sq\/wp-json\/wp\/v2\/users\/1"}],"replies":[{"embeddable":true,"href":"https:\/\/arno.org.mk\/sq\/wp-json\/wp\/v2\/comments?post=675"}],"version-history":[{"count":1,"href":"https:\/\/arno.org.mk\/sq\/wp-json\/wp\/v2\/posts\/675\/revisions"}],"predecessor-version":[{"id":5533,"href":"https:\/\/arno.org.mk\/sq\/wp-json\/wp\/v2\/posts\/675\/revisions\/5533"}],"wp:featuredmedia":[{"embeddable":true,"href":"https:\/\/arno.org.mk\/sq\/wp-json\/wp\/v2\/media\/5248"}],"wp:attachment":[{"href":"https:\/\/arno.org.mk\/sq\/wp-json\/wp\/v2\/media?parent=675"}],"wp:term":[{"taxonomy":"category","embeddable":true,"href":"https:\/\/arno.org.mk\/sq\/wp-json\/wp\/v2\/categories?post=675"},{"taxonomy":"post_tag","embeddable":true,"href":"https:\/\/arno.org.mk\/sq\/wp-json\/wp\/v2\/tags?post=675"}],"curies":[{"name":"wp","href":"https:\/\/api.w.org\/{rel}","templated":true}]}}