{"id":674,"date":"2020-09-16T22:25:45","date_gmt":"2020-09-16T22:25:45","guid":{"rendered":"http:\/\/arno.org.mk\/uncategorized-sq\/stret-veglat-e-mesuesve\/"},"modified":"2023-01-23T10:59:25","modified_gmt":"2023-01-23T10:59:25","slug":"stret-veglat-e-mesuesve","status":"publish","type":"post","link":"https:\/\/arno.org.mk\/sq\/projekte\/stret-veglat-e-mesuesve\/","title":{"rendered":"STRET Veglat e m\u00ebsuesve"},"content":{"rendered":"<p>Projekti STRET Veglat e m\u00ebsuesve \u00ebsht\u00eb i bazuar n\u00eb p\u00ebrvoj\u00ebn e nj\u00eb partneriteti t\u00eb formuar tashm\u00eb nga 4 shtete: Lituania, Kroacia, Maqedonia e Veriut dhe Belgjika.<\/p>\n<p>&#8221; STRET Veglat e m\u00ebsuesve&#8221; shkon p\u00ebrtej m\u00ebsimit t\u00eb nd\u00ebrmarr\u00ebsis\u00eb duke shtuar koncepte t\u00eb reja n\u00eb kurrikul\u00ebn shkollore: Filantropi, P\u00ebrgjegj\u00ebsi Shoq\u00ebrore e Korporat\u00ebs dhe Sip\u00ebrmarr\u00ebsi Sociale.<\/p>\n<p>Aktivitetet e projektit STRET VM kontribuojn\u00eb drejt nj\u00eb ekosistemi t\u00eb p\u00ebrmir\u00ebsuar p\u00ebr promovimin e PShK dhe sip\u00ebrmarrjes sociale brenda dhe jasht\u00eb shkoll\u00ebs, rritjen e materialit njoh\u00ebs mbi temat p\u00ebr m\u00ebsuesit, rritjen e aft\u00ebsive n\u00eb m\u00ebsimdh\u00ebnie p\u00ebr drejtimin e ideve virtuale, t\u00eb biznesit n\u00eb shkall\u00eb t\u00eb vog\u00ebl, sigurojn\u00eb shikueshm\u00ebri t\u00eb p\u00ebrpjekjeve t\u00eb BE-s\u00eb p\u00ebr t\u00eb promovuar politik\u00ebn efektive t\u00eb arsimit t\u00eb sip\u00ebrmarrjes, lobimin n\u00eb nivel komb\u00ebtar dhe nd\u00ebrkomb\u00ebtar, si dhe rrisin nd\u00ebrgjegj\u00ebsimin dhe v\u00ebmendjen e publikut p\u00ebr nevoj\u00ebn e edukimit t\u00eb gjeneratave t\u00eb reja t\u00eb Sip\u00ebrmarr\u00ebsve me p\u00ebrgjegj\u00ebsi.<\/p>\n<p>P\u00ebr m\u00eb tep\u00ebr, Projekti STRET VM do t\u00eb rezultoj\u00eb jo vet\u00ebm me aktivitete edukative dhe lobuese, por me krijimin e m\u00ebsuesve profesionist\u00eb dhe komuniteteve t\u00eb ekspert\u00ebve q\u00eb mund t\u00eb avokojn\u00eb m\u00eb tej p\u00ebr integrimin e konceptit STRET.<\/p>\n<p><strong>Pikat kryesore:<\/strong> Rezultatet e Projektit jan\u00eb: 1) Nj\u00eb analiz\u00eb krahasuese e cila do t\u00eb siguroj\u00eb nj\u00eb p\u00ebrmbledhje t\u00eb situat\u00ebs s\u00eb Edukimit t\u00eb Sip\u00ebrmarrjes dhe modulet e (PShK dhe SS; 2) Nj\u00eb Veg\u00ebl mbi M\u00ebsimdh\u00ebnien e Sip\u00ebrmarrjes me modele t\u00eb integruara PShK dhe SS; 3) Nj\u00eb trajnim p\u00ebr m\u00ebsuesit; 4) Rekomandime mbi politikat, mbi tem\u00ebn dhe mobilizimin e pal\u00ebve t\u00eb interesuara.<\/p>\n","protected":false},"excerpt":{"rendered":"<p>Projekti STRET Veglat e m\u00ebsuesve \u00ebsht\u00eb i bazuar n\u00eb p\u00ebrvoj\u00ebn e nj\u00eb partneriteti t\u00eb formuar tashm\u00eb nga 4 shtete: Lituania, Kroacia, Maqedonia e Veriut dhe&#8230; [&#8230;]<\/p>\n<p><a class=\"btn btn-secondary understrap-read-more-link\" href=\"https:\/\/arno.org.mk\/sq\/projekte\/stret-veglat-e-mesuesve\/\">Read More&#8230;<\/a><\/p>\n","protected":false},"author":1,"featured_media":598,"comment_status":"open","ping_status":"open","sticky":false,"template":"","format":"standard","meta":{"_acf_changed":false,"footnotes":""},"categories":[36,39,27],"tags":[],"class_list":["post-674","post","type-post","status-publish","format-standard","has-post-thumbnail","hentry","category-projekte-filantropia","category-programit-rinor-sq","category-projekte"],"acf":[],"yoast_head":"<!-- This site is optimized with the Yoast SEO plugin v27.5 - https:\/\/yoast.com\/product\/yoast-seo-wordpress\/ -->\n<title>STRET Veglat e m\u00ebsuesve - ARNO<\/title>\n<meta name=\"robots\" content=\"index, follow, max-snippet:-1, max-image-preview:large, max-video-preview:-1\" \/>\n<link rel=\"canonical\" href=\"https:\/\/arno.org.mk\/sq\/projekte\/stret-veglat-e-mesuesve\/\" \/>\n<meta property=\"og:locale\" content=\"sq_AL\" \/>\n<meta property=\"og:type\" content=\"article\" \/>\n<meta property=\"og:title\" content=\"STRET Veglat e m\u00ebsuesve - ARNO\" \/>\n<meta property=\"og:description\" content=\"Projekti STRET Veglat e m\u00ebsuesve \u00ebsht\u00eb i bazuar n\u00eb p\u00ebrvoj\u00ebn e nj\u00eb partneriteti t\u00eb formuar tashm\u00eb nga 4 shtete: Lituania, Kroacia, Maqedonia e Veriut dhe... [...]Read More...\" \/>\n<meta property=\"og:url\" content=\"https:\/\/arno.org.mk\/sq\/projekte\/stret-veglat-e-mesuesve\/\" \/>\n<meta property=\"og:site_name\" content=\"ARNO\" \/>\n<meta property=\"article:publisher\" content=\"https:\/\/www.facebook.com\/ARNO.Social.Innovation\" \/>\n<meta property=\"article:published_time\" content=\"2020-09-16T22:25:45+00:00\" \/>\n<meta property=\"article:modified_time\" content=\"2023-01-23T10:59:25+00:00\" \/>\n<meta property=\"og:image\" content=\"https:\/\/arno.org.mk\/wp-content\/uploads\/2020\/10\/Arno_Projects_Thumbnail_600x600_stret_tk.jpg\" \/>\n\t<meta property=\"og:image:width\" content=\"600\" \/>\n\t<meta property=\"og:image:height\" content=\"600\" \/>\n\t<meta property=\"og:image:type\" content=\"image\/jpeg\" \/>\n<meta name=\"author\" content=\"arnoadmin\" \/>\n<meta name=\"twitter:card\" content=\"summary_large_image\" \/>\n<meta name=\"twitter:creator\" content=\"@ARNO_mkd\" \/>\n<meta name=\"twitter:site\" content=\"@ARNO_mkd\" \/>\n<meta name=\"twitter:label1\" content=\"Written by\" \/>\n\t<meta name=\"twitter:data1\" content=\"arnoadmin\" \/>\n\t<meta name=\"twitter:label2\" content=\"Est. reading time\" \/>\n\t<meta name=\"twitter:data2\" content=\"1 minute\" \/>\n<script type=\"application\/ld+json\" class=\"yoast-schema-graph\">{\"@context\":\"https:\\\/\\\/schema.org\",\"@graph\":[{\"@type\":\"Article\",\"@id\":\"https:\\\/\\\/arno.org.mk\\\/sq\\\/projekte\\\/stret-veglat-e-mesuesve\\\/#article\",\"isPartOf\":{\"@id\":\"https:\\\/\\\/arno.org.mk\\\/sq\\\/projekte\\\/stret-veglat-e-mesuesve\\\/\"},\"author\":{\"name\":\"arnoadmin\",\"@id\":\"https:\\\/\\\/arno.org.mk\\\/sq\\\/#\\\/schema\\\/person\\\/93ae20d101ff897fd05d587bb33beb0d\"},\"headline\":\"STRET Veglat e m\u00ebsuesve\",\"datePublished\":\"2020-09-16T22:25:45+00:00\",\"dateModified\":\"2023-01-23T10:59:25+00:00\",\"mainEntityOfPage\":{\"@id\":\"https:\\\/\\\/arno.org.mk\\\/sq\\\/projekte\\\/stret-veglat-e-mesuesve\\\/\"},\"wordCount\":297,\"commentCount\":0,\"image\":{\"@id\":\"https:\\\/\\\/arno.org.mk\\\/sq\\\/projekte\\\/stret-veglat-e-mesuesve\\\/#primaryimage\"},\"thumbnailUrl\":\"https:\\\/\\\/arno.org.mk\\\/wp-content\\\/uploads\\\/2020\\\/10\\\/Arno_Projects_Thumbnail_600x600_stret_tk.jpg\",\"articleSection\":[\"Philanthropy\",\"Programit ton\u00eb Rinor\",\"Projekte\"],\"inLanguage\":\"sq-AL\",\"potentialAction\":[{\"@type\":\"CommentAction\",\"name\":\"Comment\",\"target\":[\"https:\\\/\\\/arno.org.mk\\\/sq\\\/projekte\\\/stret-veglat-e-mesuesve\\\/#respond\"]}]},{\"@type\":\"WebPage\",\"@id\":\"https:\\\/\\\/arno.org.mk\\\/sq\\\/projekte\\\/stret-veglat-e-mesuesve\\\/\",\"url\":\"https:\\\/\\\/arno.org.mk\\\/sq\\\/projekte\\\/stret-veglat-e-mesuesve\\\/\",\"name\":\"STRET Veglat e m\u00ebsuesve - ARNO\",\"isPartOf\":{\"@id\":\"https:\\\/\\\/arno.org.mk\\\/sq\\\/#website\"},\"primaryImageOfPage\":{\"@id\":\"https:\\\/\\\/arno.org.mk\\\/sq\\\/projekte\\\/stret-veglat-e-mesuesve\\\/#primaryimage\"},\"image\":{\"@id\":\"https:\\\/\\\/arno.org.mk\\\/sq\\\/projekte\\\/stret-veglat-e-mesuesve\\\/#primaryimage\"},\"thumbnailUrl\":\"https:\\\/\\\/arno.org.mk\\\/wp-content\\\/uploads\\\/2020\\\/10\\\/Arno_Projects_Thumbnail_600x600_stret_tk.jpg\",\"datePublished\":\"2020-09-16T22:25:45+00:00\",\"dateModified\":\"2023-01-23T10:59:25+00:00\",\"author\":{\"@id\":\"https:\\\/\\\/arno.org.mk\\\/sq\\\/#\\\/schema\\\/person\\\/93ae20d101ff897fd05d587bb33beb0d\"},\"breadcrumb\":{\"@id\":\"https:\\\/\\\/arno.org.mk\\\/sq\\\/projekte\\\/stret-veglat-e-mesuesve\\\/#breadcrumb\"},\"inLanguage\":\"sq-AL\",\"potentialAction\":[{\"@type\":\"ReadAction\",\"target\":[\"https:\\\/\\\/arno.org.mk\\\/sq\\\/projekte\\\/stret-veglat-e-mesuesve\\\/\"]}]},{\"@type\":\"ImageObject\",\"inLanguage\":\"sq-AL\",\"@id\":\"https:\\\/\\\/arno.org.mk\\\/sq\\\/projekte\\\/stret-veglat-e-mesuesve\\\/#primaryimage\",\"url\":\"https:\\\/\\\/arno.org.mk\\\/wp-content\\\/uploads\\\/2020\\\/10\\\/Arno_Projects_Thumbnail_600x600_stret_tk.jpg\",\"contentUrl\":\"https:\\\/\\\/arno.org.mk\\\/wp-content\\\/uploads\\\/2020\\\/10\\\/Arno_Projects_Thumbnail_600x600_stret_tk.jpg\",\"width\":600,\"height\":600},{\"@type\":\"BreadcrumbList\",\"@id\":\"https:\\\/\\\/arno.org.mk\\\/sq\\\/projekte\\\/stret-veglat-e-mesuesve\\\/#breadcrumb\",\"itemListElement\":[{\"@type\":\"ListItem\",\"position\":1,\"name\":\"Faqja kryesore\",\"item\":\"https:\\\/\\\/arno.org.mk\\\/sq\\\/\"},{\"@type\":\"ListItem\",\"position\":2,\"name\":\"STRET Veglat e m\u00ebsuesve\"}]},{\"@type\":\"WebSite\",\"@id\":\"https:\\\/\\\/arno.org.mk\\\/sq\\\/#website\",\"url\":\"https:\\\/\\\/arno.org.mk\\\/sq\\\/\",\"name\":\"ARNO\",\"description\":\"We are ARNO and we do good!\",\"potentialAction\":[{\"@type\":\"SearchAction\",\"target\":{\"@type\":\"EntryPoint\",\"urlTemplate\":\"https:\\\/\\\/arno.org.mk\\\/sq\\\/?s={search_term_string}\"},\"query-input\":{\"@type\":\"PropertyValueSpecification\",\"valueRequired\":true,\"valueName\":\"search_term_string\"}}],\"inLanguage\":\"sq-AL\"},{\"@type\":\"Person\",\"@id\":\"https:\\\/\\\/arno.org.mk\\\/sq\\\/#\\\/schema\\\/person\\\/93ae20d101ff897fd05d587bb33beb0d\",\"name\":\"arnoadmin\",\"image\":{\"@type\":\"ImageObject\",\"inLanguage\":\"sq-AL\",\"@id\":\"https:\\\/\\\/secure.gravatar.com\\\/avatar\\\/5eb0d14c31a4fe20a658b7f13e70bb654523c6ede1d439137702562d92f84d50?s=96&d=mm&r=g\",\"url\":\"https:\\\/\\\/secure.gravatar.com\\\/avatar\\\/5eb0d14c31a4fe20a658b7f13e70bb654523c6ede1d439137702562d92f84d50?s=96&d=mm&r=g\",\"contentUrl\":\"https:\\\/\\\/secure.gravatar.com\\\/avatar\\\/5eb0d14c31a4fe20a658b7f13e70bb654523c6ede1d439137702562d92f84d50?s=96&d=mm&r=g\",\"caption\":\"arnoadmin\"},\"sameAs\":[\"https:\\\/\\\/arnotemp.zeleniidei.mk\"],\"url\":\"https:\\\/\\\/arno.org.mk\\\/sq\\\/author\\\/arnoadmin\\\/\"}]}<\/script>\n<!-- \/ Yoast SEO plugin. -->","yoast_head_json":{"title":"STRET Veglat e m\u00ebsuesve - ARNO","robots":{"index":"index","follow":"follow","max-snippet":"max-snippet:-1","max-image-preview":"max-image-preview:large","max-video-preview":"max-video-preview:-1"},"canonical":"https:\/\/arno.org.mk\/sq\/projekte\/stret-veglat-e-mesuesve\/","og_locale":"sq_AL","og_type":"article","og_title":"STRET Veglat e m\u00ebsuesve - ARNO","og_description":"Projekti STRET Veglat e m\u00ebsuesve \u00ebsht\u00eb i bazuar n\u00eb p\u00ebrvoj\u00ebn e nj\u00eb partneriteti t\u00eb formuar tashm\u00eb nga 4 shtete: Lituania, Kroacia, Maqedonia e Veriut dhe... [...]Read More...","og_url":"https:\/\/arno.org.mk\/sq\/projekte\/stret-veglat-e-mesuesve\/","og_site_name":"ARNO","article_publisher":"https:\/\/www.facebook.com\/ARNO.Social.Innovation","article_published_time":"2020-09-16T22:25:45+00:00","article_modified_time":"2023-01-23T10:59:25+00:00","og_image":[{"width":600,"height":600,"url":"https:\/\/arno.org.mk\/wp-content\/uploads\/2020\/10\/Arno_Projects_Thumbnail_600x600_stret_tk.jpg","type":"image\/jpeg"}],"author":"arnoadmin","twitter_card":"summary_large_image","twitter_creator":"@ARNO_mkd","twitter_site":"@ARNO_mkd","twitter_misc":{"Written by":"arnoadmin","Est. reading time":"1 minute"},"schema":{"@context":"https:\/\/schema.org","@graph":[{"@type":"Article","@id":"https:\/\/arno.org.mk\/sq\/projekte\/stret-veglat-e-mesuesve\/#article","isPartOf":{"@id":"https:\/\/arno.org.mk\/sq\/projekte\/stret-veglat-e-mesuesve\/"},"author":{"name":"arnoadmin","@id":"https:\/\/arno.org.mk\/sq\/#\/schema\/person\/93ae20d101ff897fd05d587bb33beb0d"},"headline":"STRET Veglat e m\u00ebsuesve","datePublished":"2020-09-16T22:25:45+00:00","dateModified":"2023-01-23T10:59:25+00:00","mainEntityOfPage":{"@id":"https:\/\/arno.org.mk\/sq\/projekte\/stret-veglat-e-mesuesve\/"},"wordCount":297,"commentCount":0,"image":{"@id":"https:\/\/arno.org.mk\/sq\/projekte\/stret-veglat-e-mesuesve\/#primaryimage"},"thumbnailUrl":"https:\/\/arno.org.mk\/wp-content\/uploads\/2020\/10\/Arno_Projects_Thumbnail_600x600_stret_tk.jpg","articleSection":["Philanthropy","Programit ton\u00eb Rinor","Projekte"],"inLanguage":"sq-AL","potentialAction":[{"@type":"CommentAction","name":"Comment","target":["https:\/\/arno.org.mk\/sq\/projekte\/stret-veglat-e-mesuesve\/#respond"]}]},{"@type":"WebPage","@id":"https:\/\/arno.org.mk\/sq\/projekte\/stret-veglat-e-mesuesve\/","url":"https:\/\/arno.org.mk\/sq\/projekte\/stret-veglat-e-mesuesve\/","name":"STRET Veglat e m\u00ebsuesve - ARNO","isPartOf":{"@id":"https:\/\/arno.org.mk\/sq\/#website"},"primaryImageOfPage":{"@id":"https:\/\/arno.org.mk\/sq\/projekte\/stret-veglat-e-mesuesve\/#primaryimage"},"image":{"@id":"https:\/\/arno.org.mk\/sq\/projekte\/stret-veglat-e-mesuesve\/#primaryimage"},"thumbnailUrl":"https:\/\/arno.org.mk\/wp-content\/uploads\/2020\/10\/Arno_Projects_Thumbnail_600x600_stret_tk.jpg","datePublished":"2020-09-16T22:25:45+00:00","dateModified":"2023-01-23T10:59:25+00:00","author":{"@id":"https:\/\/arno.org.mk\/sq\/#\/schema\/person\/93ae20d101ff897fd05d587bb33beb0d"},"breadcrumb":{"@id":"https:\/\/arno.org.mk\/sq\/projekte\/stret-veglat-e-mesuesve\/#breadcrumb"},"inLanguage":"sq-AL","potentialAction":[{"@type":"ReadAction","target":["https:\/\/arno.org.mk\/sq\/projekte\/stret-veglat-e-mesuesve\/"]}]},{"@type":"ImageObject","inLanguage":"sq-AL","@id":"https:\/\/arno.org.mk\/sq\/projekte\/stret-veglat-e-mesuesve\/#primaryimage","url":"https:\/\/arno.org.mk\/wp-content\/uploads\/2020\/10\/Arno_Projects_Thumbnail_600x600_stret_tk.jpg","contentUrl":"https:\/\/arno.org.mk\/wp-content\/uploads\/2020\/10\/Arno_Projects_Thumbnail_600x600_stret_tk.jpg","width":600,"height":600},{"@type":"BreadcrumbList","@id":"https:\/\/arno.org.mk\/sq\/projekte\/stret-veglat-e-mesuesve\/#breadcrumb","itemListElement":[{"@type":"ListItem","position":1,"name":"Faqja kryesore","item":"https:\/\/arno.org.mk\/sq\/"},{"@type":"ListItem","position":2,"name":"STRET Veglat e m\u00ebsuesve"}]},{"@type":"WebSite","@id":"https:\/\/arno.org.mk\/sq\/#website","url":"https:\/\/arno.org.mk\/sq\/","name":"ARNO","description":"We are ARNO and we do good!","potentialAction":[{"@type":"SearchAction","target":{"@type":"EntryPoint","urlTemplate":"https:\/\/arno.org.mk\/sq\/?s={search_term_string}"},"query-input":{"@type":"PropertyValueSpecification","valueRequired":true,"valueName":"search_term_string"}}],"inLanguage":"sq-AL"},{"@type":"Person","@id":"https:\/\/arno.org.mk\/sq\/#\/schema\/person\/93ae20d101ff897fd05d587bb33beb0d","name":"arnoadmin","image":{"@type":"ImageObject","inLanguage":"sq-AL","@id":"https:\/\/secure.gravatar.com\/avatar\/5eb0d14c31a4fe20a658b7f13e70bb654523c6ede1d439137702562d92f84d50?s=96&d=mm&r=g","url":"https:\/\/secure.gravatar.com\/avatar\/5eb0d14c31a4fe20a658b7f13e70bb654523c6ede1d439137702562d92f84d50?s=96&d=mm&r=g","contentUrl":"https:\/\/secure.gravatar.com\/avatar\/5eb0d14c31a4fe20a658b7f13e70bb654523c6ede1d439137702562d92f84d50?s=96&d=mm&r=g","caption":"arnoadmin"},"sameAs":["https:\/\/arnotemp.zeleniidei.mk"],"url":"https:\/\/arno.org.mk\/sq\/author\/arnoadmin\/"}]}},"_links":{"self":[{"href":"https:\/\/arno.org.mk\/sq\/wp-json\/wp\/v2\/posts\/674","targetHints":{"allow":["GET"]}}],"collection":[{"href":"https:\/\/arno.org.mk\/sq\/wp-json\/wp\/v2\/posts"}],"about":[{"href":"https:\/\/arno.org.mk\/sq\/wp-json\/wp\/v2\/types\/post"}],"author":[{"embeddable":true,"href":"https:\/\/arno.org.mk\/sq\/wp-json\/wp\/v2\/users\/1"}],"replies":[{"embeddable":true,"href":"https:\/\/arno.org.mk\/sq\/wp-json\/wp\/v2\/comments?post=674"}],"version-history":[{"count":1,"href":"https:\/\/arno.org.mk\/sq\/wp-json\/wp\/v2\/posts\/674\/revisions"}],"predecessor-version":[{"id":5530,"href":"https:\/\/arno.org.mk\/sq\/wp-json\/wp\/v2\/posts\/674\/revisions\/5530"}],"wp:featuredmedia":[{"embeddable":true,"href":"https:\/\/arno.org.mk\/sq\/wp-json\/wp\/v2\/media\/598"}],"wp:attachment":[{"href":"https:\/\/arno.org.mk\/sq\/wp-json\/wp\/v2\/media?parent=674"}],"wp:term":[{"taxonomy":"category","embeddable":true,"href":"https:\/\/arno.org.mk\/sq\/wp-json\/wp\/v2\/categories?post=674"},{"taxonomy":"post_tag","embeddable":true,"href":"https:\/\/arno.org.mk\/sq\/wp-json\/wp\/v2\/tags?post=674"}],"curies":[{"name":"wp","href":"https:\/\/api.w.org\/{rel}","templated":true}]}}