{"id":667,"date":"2020-09-16T21:57:13","date_gmt":"2020-09-16T21:57:13","guid":{"rendered":"http:\/\/arno.org.mk\/uncategorized-sq\/aktivizimi-i-rinise-rurale-permes-sipermarrjes\/"},"modified":"2020-11-24T22:15:49","modified_gmt":"2020-11-24T22:15:49","slug":"aktivizimi-i-rinise-rurale-permes-sipermarrjes","status":"publish","type":"post","link":"https:\/\/arno.org.mk\/sq\/projekte\/aktivizimi-i-rinise-rurale-permes-sipermarrjes\/","title":{"rendered":"Aktivizimi i Rinis\u00eb Rurale p\u00ebrmes Sip\u00ebrmarrjes"},"content":{"rendered":"<p>Aktivizimi i Rinis\u00eb Rurale p\u00ebrmes Sip\u00ebrmarrjes \u00ebsht\u00eb nj\u00eb projekt i kordinuar nga OJQ-ja La Sabina de El Bonillo nga Spanja, n\u00eb partneritet me OJQ-t\u00eb q\u00eb vijn\u00eb nga Maqedonia e Veriut, Shqip\u00ebria, Polonia, Rumania, Greqia, Serbia dhe Lituania. Ky Projekt u financua nga Komisioni Europian n\u00eb kuad\u00ebr t\u00eb Programit Erasmus +. Q\u00ebllimi i trajnimit, i zhvilluar n\u00eb bashk\u00ebpunim me partner\u00eb n\u00eb kuad\u00ebr t\u00eb projektit, ishte t\u00eb kontribuonte n\u00eb luftimin e papun\u00ebsis\u00eb s\u00eb t\u00eb rinjve dhe t\u00eb nxis\u00eb p\u00ebrdorimin e sip\u00ebrmarrjes si nj\u00eb mjet p\u00ebr zhvillimin e t\u00eb rinjve n\u00eb pun\u00ebn e t\u00eb rinjve. P\u00ebr m\u00eb tep\u00ebr, \u00ebsht\u00eb nj\u00eb mjet p\u00ebr fuqizimin e t\u00eb rinjve, aktivizimin e rinis\u00eb joaktive dhe zhvillimin e kompetencave p\u00ebr t\u00eb m\u00ebsuar jet\u00ebn q\u00eb t\u00eb rinjt\u00eb, p\u00ebrfshir\u00eb t\u00eb rinjt\u00eb me m\u00eb pak mund\u00ebsi, mund t&#8217;i p\u00ebrdorin n\u00eb m\u00ebnyr\u00eb aktive p\u00ebr zhvillimin e tyre personal dhe profesional.<\/p>\n<p><strong>Pikat kryesore:<\/strong> I angazhuar si bashk\u00eb trainer i kursit ishte Vladimir Petkovski, p\u00ebrfaq\u00ebsuesi ARNO-s, profesor i Ekonomis\u00eb n\u00eb Institutin Ekonomik.<\/p>\n","protected":false},"excerpt":{"rendered":"<p>Aktivizimi i Rinis\u00eb Rurale p\u00ebrmes Sip\u00ebrmarrjes \u00ebsht\u00eb nj\u00eb projekt i kordinuar nga OJQ-ja La Sabina de El Bonillo nga Spanja, n\u00eb partneritet me OJQ-t\u00eb q\u00eb&#8230; [&#8230;]<\/p>\n<p><a class=\"btn btn-secondary understrap-read-more-link\" href=\"https:\/\/arno.org.mk\/sq\/projekte\/aktivizimi-i-rinise-rurale-permes-sipermarrjes\/\">Read More&#8230;<\/a><\/p>\n","protected":false},"author":1,"featured_media":580,"comment_status":"open","ping_status":"open","sticky":false,"template":"","format":"standard","meta":{"_acf_changed":false,"footnotes":""},"categories":[39,27],"tags":[],"class_list":["post-667","post","type-post","status-publish","format-standard","has-post-thumbnail","hentry","category-programit-rinor-sq","category-projekte"],"acf":[],"yoast_head":"<!-- This site is optimized with the Yoast SEO plugin v27.5 - https:\/\/yoast.com\/product\/yoast-seo-wordpress\/ -->\n<title>Aktivizimi i Rinis\u00eb Rurale p\u00ebrmes Sip\u00ebrmarrjes - ARNO<\/title>\n<meta name=\"robots\" content=\"index, follow, max-snippet:-1, max-image-preview:large, max-video-preview:-1\" \/>\n<link rel=\"canonical\" href=\"https:\/\/arno.org.mk\/sq\/projekte\/aktivizimi-i-rinise-rurale-permes-sipermarrjes\/\" \/>\n<meta property=\"og:locale\" content=\"sq_AL\" \/>\n<meta property=\"og:type\" content=\"article\" \/>\n<meta property=\"og:title\" content=\"Aktivizimi i Rinis\u00eb Rurale p\u00ebrmes Sip\u00ebrmarrjes - ARNO\" \/>\n<meta property=\"og:description\" content=\"Aktivizimi i Rinis\u00eb Rurale p\u00ebrmes Sip\u00ebrmarrjes \u00ebsht\u00eb nj\u00eb projekt i kordinuar nga OJQ-ja La Sabina de El Bonillo nga Spanja, n\u00eb partneritet me OJQ-t\u00eb q\u00eb... [...]Read More...\" \/>\n<meta property=\"og:url\" content=\"https:\/\/arno.org.mk\/sq\/projekte\/aktivizimi-i-rinise-rurale-permes-sipermarrjes\/\" \/>\n<meta property=\"og:site_name\" content=\"ARNO\" \/>\n<meta property=\"article:publisher\" content=\"https:\/\/www.facebook.com\/ARNO.Social.Innovation\" \/>\n<meta property=\"article:published_time\" content=\"2020-09-16T21:57:13+00:00\" \/>\n<meta property=\"article:modified_time\" content=\"2020-11-24T22:15:49+00:00\" \/>\n<meta property=\"og:image\" content=\"https:\/\/arno.org.mk\/wp-content\/uploads\/2020\/10\/Arno_Projects_Thumbnail_600x600_rural_youth.jpg\" \/>\n\t<meta property=\"og:image:width\" content=\"600\" \/>\n\t<meta property=\"og:image:height\" content=\"600\" \/>\n\t<meta property=\"og:image:type\" content=\"image\/jpeg\" \/>\n<meta name=\"author\" content=\"arnoadmin\" \/>\n<meta name=\"twitter:card\" content=\"summary_large_image\" \/>\n<meta name=\"twitter:creator\" content=\"@ARNO_mkd\" \/>\n<meta name=\"twitter:site\" content=\"@ARNO_mkd\" \/>\n<meta name=\"twitter:label1\" content=\"Written by\" \/>\n\t<meta name=\"twitter:data1\" content=\"arnoadmin\" \/>\n\t<meta name=\"twitter:label2\" content=\"Est. reading time\" \/>\n\t<meta name=\"twitter:data2\" content=\"1 minute\" \/>\n<script type=\"application\/ld+json\" class=\"yoast-schema-graph\">{\"@context\":\"https:\\\/\\\/schema.org\",\"@graph\":[{\"@type\":\"Article\",\"@id\":\"https:\\\/\\\/arno.org.mk\\\/sq\\\/projekte\\\/aktivizimi-i-rinise-rurale-permes-sipermarrjes\\\/#article\",\"isPartOf\":{\"@id\":\"https:\\\/\\\/arno.org.mk\\\/sq\\\/projekte\\\/aktivizimi-i-rinise-rurale-permes-sipermarrjes\\\/\"},\"author\":{\"name\":\"arnoadmin\",\"@id\":\"https:\\\/\\\/arno.org.mk\\\/sq\\\/#\\\/schema\\\/person\\\/93ae20d101ff897fd05d587bb33beb0d\"},\"headline\":\"Aktivizimi i Rinis\u00eb Rurale p\u00ebrmes Sip\u00ebrmarrjes\",\"datePublished\":\"2020-09-16T21:57:13+00:00\",\"dateModified\":\"2020-11-24T22:15:49+00:00\",\"mainEntityOfPage\":{\"@id\":\"https:\\\/\\\/arno.org.mk\\\/sq\\\/projekte\\\/aktivizimi-i-rinise-rurale-permes-sipermarrjes\\\/\"},\"wordCount\":190,\"commentCount\":0,\"image\":{\"@id\":\"https:\\\/\\\/arno.org.mk\\\/sq\\\/projekte\\\/aktivizimi-i-rinise-rurale-permes-sipermarrjes\\\/#primaryimage\"},\"thumbnailUrl\":\"https:\\\/\\\/arno.org.mk\\\/wp-content\\\/uploads\\\/2020\\\/10\\\/Arno_Projects_Thumbnail_600x600_rural_youth.jpg\",\"articleSection\":[\"Programit ton\u00eb Rinor\",\"Projekte\"],\"inLanguage\":\"sq-AL\",\"potentialAction\":[{\"@type\":\"CommentAction\",\"name\":\"Comment\",\"target\":[\"https:\\\/\\\/arno.org.mk\\\/sq\\\/projekte\\\/aktivizimi-i-rinise-rurale-permes-sipermarrjes\\\/#respond\"]}]},{\"@type\":\"WebPage\",\"@id\":\"https:\\\/\\\/arno.org.mk\\\/sq\\\/projekte\\\/aktivizimi-i-rinise-rurale-permes-sipermarrjes\\\/\",\"url\":\"https:\\\/\\\/arno.org.mk\\\/sq\\\/projekte\\\/aktivizimi-i-rinise-rurale-permes-sipermarrjes\\\/\",\"name\":\"Aktivizimi i Rinis\u00eb Rurale p\u00ebrmes Sip\u00ebrmarrjes - ARNO\",\"isPartOf\":{\"@id\":\"https:\\\/\\\/arno.org.mk\\\/sq\\\/#website\"},\"primaryImageOfPage\":{\"@id\":\"https:\\\/\\\/arno.org.mk\\\/sq\\\/projekte\\\/aktivizimi-i-rinise-rurale-permes-sipermarrjes\\\/#primaryimage\"},\"image\":{\"@id\":\"https:\\\/\\\/arno.org.mk\\\/sq\\\/projekte\\\/aktivizimi-i-rinise-rurale-permes-sipermarrjes\\\/#primaryimage\"},\"thumbnailUrl\":\"https:\\\/\\\/arno.org.mk\\\/wp-content\\\/uploads\\\/2020\\\/10\\\/Arno_Projects_Thumbnail_600x600_rural_youth.jpg\",\"datePublished\":\"2020-09-16T21:57:13+00:00\",\"dateModified\":\"2020-11-24T22:15:49+00:00\",\"author\":{\"@id\":\"https:\\\/\\\/arno.org.mk\\\/sq\\\/#\\\/schema\\\/person\\\/93ae20d101ff897fd05d587bb33beb0d\"},\"breadcrumb\":{\"@id\":\"https:\\\/\\\/arno.org.mk\\\/sq\\\/projekte\\\/aktivizimi-i-rinise-rurale-permes-sipermarrjes\\\/#breadcrumb\"},\"inLanguage\":\"sq-AL\",\"potentialAction\":[{\"@type\":\"ReadAction\",\"target\":[\"https:\\\/\\\/arno.org.mk\\\/sq\\\/projekte\\\/aktivizimi-i-rinise-rurale-permes-sipermarrjes\\\/\"]}]},{\"@type\":\"ImageObject\",\"inLanguage\":\"sq-AL\",\"@id\":\"https:\\\/\\\/arno.org.mk\\\/sq\\\/projekte\\\/aktivizimi-i-rinise-rurale-permes-sipermarrjes\\\/#primaryimage\",\"url\":\"https:\\\/\\\/arno.org.mk\\\/wp-content\\\/uploads\\\/2020\\\/10\\\/Arno_Projects_Thumbnail_600x600_rural_youth.jpg\",\"contentUrl\":\"https:\\\/\\\/arno.org.mk\\\/wp-content\\\/uploads\\\/2020\\\/10\\\/Arno_Projects_Thumbnail_600x600_rural_youth.jpg\",\"width\":600,\"height\":600},{\"@type\":\"BreadcrumbList\",\"@id\":\"https:\\\/\\\/arno.org.mk\\\/sq\\\/projekte\\\/aktivizimi-i-rinise-rurale-permes-sipermarrjes\\\/#breadcrumb\",\"itemListElement\":[{\"@type\":\"ListItem\",\"position\":1,\"name\":\"Faqja kryesore\",\"item\":\"https:\\\/\\\/arno.org.mk\\\/sq\\\/\"},{\"@type\":\"ListItem\",\"position\":2,\"name\":\"Aktivizimi i Rinis\u00eb Rurale p\u00ebrmes Sip\u00ebrmarrjes\"}]},{\"@type\":\"WebSite\",\"@id\":\"https:\\\/\\\/arno.org.mk\\\/sq\\\/#website\",\"url\":\"https:\\\/\\\/arno.org.mk\\\/sq\\\/\",\"name\":\"ARNO\",\"description\":\"We are ARNO and we do good!\",\"potentialAction\":[{\"@type\":\"SearchAction\",\"target\":{\"@type\":\"EntryPoint\",\"urlTemplate\":\"https:\\\/\\\/arno.org.mk\\\/sq\\\/?s={search_term_string}\"},\"query-input\":{\"@type\":\"PropertyValueSpecification\",\"valueRequired\":true,\"valueName\":\"search_term_string\"}}],\"inLanguage\":\"sq-AL\"},{\"@type\":\"Person\",\"@id\":\"https:\\\/\\\/arno.org.mk\\\/sq\\\/#\\\/schema\\\/person\\\/93ae20d101ff897fd05d587bb33beb0d\",\"name\":\"arnoadmin\",\"image\":{\"@type\":\"ImageObject\",\"inLanguage\":\"sq-AL\",\"@id\":\"https:\\\/\\\/secure.gravatar.com\\\/avatar\\\/5eb0d14c31a4fe20a658b7f13e70bb654523c6ede1d439137702562d92f84d50?s=96&d=mm&r=g\",\"url\":\"https:\\\/\\\/secure.gravatar.com\\\/avatar\\\/5eb0d14c31a4fe20a658b7f13e70bb654523c6ede1d439137702562d92f84d50?s=96&d=mm&r=g\",\"contentUrl\":\"https:\\\/\\\/secure.gravatar.com\\\/avatar\\\/5eb0d14c31a4fe20a658b7f13e70bb654523c6ede1d439137702562d92f84d50?s=96&d=mm&r=g\",\"caption\":\"arnoadmin\"},\"sameAs\":[\"https:\\\/\\\/arnotemp.zeleniidei.mk\"],\"url\":\"https:\\\/\\\/arno.org.mk\\\/sq\\\/author\\\/arnoadmin\\\/\"}]}<\/script>\n<!-- \/ Yoast SEO plugin. -->","yoast_head_json":{"title":"Aktivizimi i Rinis\u00eb Rurale p\u00ebrmes Sip\u00ebrmarrjes - ARNO","robots":{"index":"index","follow":"follow","max-snippet":"max-snippet:-1","max-image-preview":"max-image-preview:large","max-video-preview":"max-video-preview:-1"},"canonical":"https:\/\/arno.org.mk\/sq\/projekte\/aktivizimi-i-rinise-rurale-permes-sipermarrjes\/","og_locale":"sq_AL","og_type":"article","og_title":"Aktivizimi i Rinis\u00eb Rurale p\u00ebrmes Sip\u00ebrmarrjes - ARNO","og_description":"Aktivizimi i Rinis\u00eb Rurale p\u00ebrmes Sip\u00ebrmarrjes \u00ebsht\u00eb nj\u00eb projekt i kordinuar nga OJQ-ja La Sabina de El Bonillo nga Spanja, n\u00eb partneritet me OJQ-t\u00eb q\u00eb... [...]Read More...","og_url":"https:\/\/arno.org.mk\/sq\/projekte\/aktivizimi-i-rinise-rurale-permes-sipermarrjes\/","og_site_name":"ARNO","article_publisher":"https:\/\/www.facebook.com\/ARNO.Social.Innovation","article_published_time":"2020-09-16T21:57:13+00:00","article_modified_time":"2020-11-24T22:15:49+00:00","og_image":[{"width":600,"height":600,"url":"https:\/\/arno.org.mk\/wp-content\/uploads\/2020\/10\/Arno_Projects_Thumbnail_600x600_rural_youth.jpg","type":"image\/jpeg"}],"author":"arnoadmin","twitter_card":"summary_large_image","twitter_creator":"@ARNO_mkd","twitter_site":"@ARNO_mkd","twitter_misc":{"Written by":"arnoadmin","Est. reading time":"1 minute"},"schema":{"@context":"https:\/\/schema.org","@graph":[{"@type":"Article","@id":"https:\/\/arno.org.mk\/sq\/projekte\/aktivizimi-i-rinise-rurale-permes-sipermarrjes\/#article","isPartOf":{"@id":"https:\/\/arno.org.mk\/sq\/projekte\/aktivizimi-i-rinise-rurale-permes-sipermarrjes\/"},"author":{"name":"arnoadmin","@id":"https:\/\/arno.org.mk\/sq\/#\/schema\/person\/93ae20d101ff897fd05d587bb33beb0d"},"headline":"Aktivizimi i Rinis\u00eb Rurale p\u00ebrmes Sip\u00ebrmarrjes","datePublished":"2020-09-16T21:57:13+00:00","dateModified":"2020-11-24T22:15:49+00:00","mainEntityOfPage":{"@id":"https:\/\/arno.org.mk\/sq\/projekte\/aktivizimi-i-rinise-rurale-permes-sipermarrjes\/"},"wordCount":190,"commentCount":0,"image":{"@id":"https:\/\/arno.org.mk\/sq\/projekte\/aktivizimi-i-rinise-rurale-permes-sipermarrjes\/#primaryimage"},"thumbnailUrl":"https:\/\/arno.org.mk\/wp-content\/uploads\/2020\/10\/Arno_Projects_Thumbnail_600x600_rural_youth.jpg","articleSection":["Programit ton\u00eb Rinor","Projekte"],"inLanguage":"sq-AL","potentialAction":[{"@type":"CommentAction","name":"Comment","target":["https:\/\/arno.org.mk\/sq\/projekte\/aktivizimi-i-rinise-rurale-permes-sipermarrjes\/#respond"]}]},{"@type":"WebPage","@id":"https:\/\/arno.org.mk\/sq\/projekte\/aktivizimi-i-rinise-rurale-permes-sipermarrjes\/","url":"https:\/\/arno.org.mk\/sq\/projekte\/aktivizimi-i-rinise-rurale-permes-sipermarrjes\/","name":"Aktivizimi i Rinis\u00eb Rurale p\u00ebrmes Sip\u00ebrmarrjes - ARNO","isPartOf":{"@id":"https:\/\/arno.org.mk\/sq\/#website"},"primaryImageOfPage":{"@id":"https:\/\/arno.org.mk\/sq\/projekte\/aktivizimi-i-rinise-rurale-permes-sipermarrjes\/#primaryimage"},"image":{"@id":"https:\/\/arno.org.mk\/sq\/projekte\/aktivizimi-i-rinise-rurale-permes-sipermarrjes\/#primaryimage"},"thumbnailUrl":"https:\/\/arno.org.mk\/wp-content\/uploads\/2020\/10\/Arno_Projects_Thumbnail_600x600_rural_youth.jpg","datePublished":"2020-09-16T21:57:13+00:00","dateModified":"2020-11-24T22:15:49+00:00","author":{"@id":"https:\/\/arno.org.mk\/sq\/#\/schema\/person\/93ae20d101ff897fd05d587bb33beb0d"},"breadcrumb":{"@id":"https:\/\/arno.org.mk\/sq\/projekte\/aktivizimi-i-rinise-rurale-permes-sipermarrjes\/#breadcrumb"},"inLanguage":"sq-AL","potentialAction":[{"@type":"ReadAction","target":["https:\/\/arno.org.mk\/sq\/projekte\/aktivizimi-i-rinise-rurale-permes-sipermarrjes\/"]}]},{"@type":"ImageObject","inLanguage":"sq-AL","@id":"https:\/\/arno.org.mk\/sq\/projekte\/aktivizimi-i-rinise-rurale-permes-sipermarrjes\/#primaryimage","url":"https:\/\/arno.org.mk\/wp-content\/uploads\/2020\/10\/Arno_Projects_Thumbnail_600x600_rural_youth.jpg","contentUrl":"https:\/\/arno.org.mk\/wp-content\/uploads\/2020\/10\/Arno_Projects_Thumbnail_600x600_rural_youth.jpg","width":600,"height":600},{"@type":"BreadcrumbList","@id":"https:\/\/arno.org.mk\/sq\/projekte\/aktivizimi-i-rinise-rurale-permes-sipermarrjes\/#breadcrumb","itemListElement":[{"@type":"ListItem","position":1,"name":"Faqja kryesore","item":"https:\/\/arno.org.mk\/sq\/"},{"@type":"ListItem","position":2,"name":"Aktivizimi i Rinis\u00eb Rurale p\u00ebrmes Sip\u00ebrmarrjes"}]},{"@type":"WebSite","@id":"https:\/\/arno.org.mk\/sq\/#website","url":"https:\/\/arno.org.mk\/sq\/","name":"ARNO","description":"We are ARNO and we do good!","potentialAction":[{"@type":"SearchAction","target":{"@type":"EntryPoint","urlTemplate":"https:\/\/arno.org.mk\/sq\/?s={search_term_string}"},"query-input":{"@type":"PropertyValueSpecification","valueRequired":true,"valueName":"search_term_string"}}],"inLanguage":"sq-AL"},{"@type":"Person","@id":"https:\/\/arno.org.mk\/sq\/#\/schema\/person\/93ae20d101ff897fd05d587bb33beb0d","name":"arnoadmin","image":{"@type":"ImageObject","inLanguage":"sq-AL","@id":"https:\/\/secure.gravatar.com\/avatar\/5eb0d14c31a4fe20a658b7f13e70bb654523c6ede1d439137702562d92f84d50?s=96&d=mm&r=g","url":"https:\/\/secure.gravatar.com\/avatar\/5eb0d14c31a4fe20a658b7f13e70bb654523c6ede1d439137702562d92f84d50?s=96&d=mm&r=g","contentUrl":"https:\/\/secure.gravatar.com\/avatar\/5eb0d14c31a4fe20a658b7f13e70bb654523c6ede1d439137702562d92f84d50?s=96&d=mm&r=g","caption":"arnoadmin"},"sameAs":["https:\/\/arnotemp.zeleniidei.mk"],"url":"https:\/\/arno.org.mk\/sq\/author\/arnoadmin\/"}]}},"_links":{"self":[{"href":"https:\/\/arno.org.mk\/sq\/wp-json\/wp\/v2\/posts\/667","targetHints":{"allow":["GET"]}}],"collection":[{"href":"https:\/\/arno.org.mk\/sq\/wp-json\/wp\/v2\/posts"}],"about":[{"href":"https:\/\/arno.org.mk\/sq\/wp-json\/wp\/v2\/types\/post"}],"author":[{"embeddable":true,"href":"https:\/\/arno.org.mk\/sq\/wp-json\/wp\/v2\/users\/1"}],"replies":[{"embeddable":true,"href":"https:\/\/arno.org.mk\/sq\/wp-json\/wp\/v2\/comments?post=667"}],"version-history":[{"count":0,"href":"https:\/\/arno.org.mk\/sq\/wp-json\/wp\/v2\/posts\/667\/revisions"}],"wp:featuredmedia":[{"embeddable":true,"href":"https:\/\/arno.org.mk\/sq\/wp-json\/wp\/v2\/media\/580"}],"wp:attachment":[{"href":"https:\/\/arno.org.mk\/sq\/wp-json\/wp\/v2\/media?parent=667"}],"wp:term":[{"taxonomy":"category","embeddable":true,"href":"https:\/\/arno.org.mk\/sq\/wp-json\/wp\/v2\/categories?post=667"},{"taxonomy":"post_tag","embeddable":true,"href":"https:\/\/arno.org.mk\/sq\/wp-json\/wp\/v2\/tags?post=667"}],"curies":[{"name":"wp","href":"https:\/\/api.w.org\/{rel}","templated":true}]}}