{"id":664,"date":"2020-09-16T21:48:27","date_gmt":"2020-09-16T21:48:27","guid":{"rendered":"http:\/\/arno.org.mk\/uncategorized-sq\/cepi-i-zbavitjes-ne-kufi\/"},"modified":"2020-11-24T22:10:15","modified_gmt":"2020-11-24T22:10:15","slug":"cepi-i-zbavitjes-ne-kufi","status":"publish","type":"post","link":"https:\/\/arno.org.mk\/sq\/projekte\/cepi-i-zbavitjes-ne-kufi\/","title":{"rendered":"Cepi i zbavitjes n\u00eb kufi"},"content":{"rendered":"<p>N\u00eb mars t\u00eb 2016, si p\u00ebrgjigjje humanitare ndaj pamjeve jasht\u00ebzakonisht trishtuese t\u00eb refugjat\u00ebve n\u00eb kampet p\u00ebrgjat\u00eb kufirit t\u00eb Maqedonis\u00eb s\u00eb Veriut, ARNO nd\u00ebrrmori nj\u00eb projekt afatshkurt\u00ebr p\u00ebr f\u00ebmij\u00ebt refugjat\u00eb. Bashk\u00eb me ekipin teatror \u201cHije dhe re\u201d, ARNO organizoi disa pun\u00ebtori p\u00ebr f\u00ebmij\u00ebt migrant\u00eb n\u00eb kufirin e Maqedonis\u00eb s\u00eb Veriut, n\u00eb Tabanovc. Gjat\u00eb gjith\u00eb projektit, f\u00ebmij\u00ebt refugjat\u00eb u inkurajuan t\u00eb marrin pjes\u00eb n\u00eb programet e dizajnuara p\u00ebr ta. Fotografit\u00eb dhe rezultatet e pun\u00ebtoris\u00eb u prezantuan para publikut dhe mor\u00ebn v\u00ebmendje t\u00eb madhe. Teatri i hijeve si mjet, \u00ebsht\u00eb shum\u00eb i aplikuesh\u00ebm dhe kur p\u00ebrdoret p\u00ebr promovimin e paqes dhe p\u00ebr lidhje nd\u00ebrkulturore, menj\u00ebher\u00eb njihet nga qytetar\u00ebt. Fal\u00eb reagimit t\u00eb publikut t\u00eb gj\u00ebr\u00eb dhe mediave, u arit nj\u00eb presion social ndaj qasjes nacionale q\u00eb i b\u00ebhej kriz\u00ebs s\u00eb refugjat\u00ebve. Njer\u00ebzit tejkaluan besimet henofobike vet\u00ebm duke par\u00eb fytyrat e f\u00ebmij\u00ebve, buz\u00ebqeshjen dhe lot\u00ebt e tyre, p\u00ebrmes fotove t\u00eb projektit. Projekti u zhvillua me ndihm\u00ebn e \u201cFshati I f\u00ebmij\u00ebve SOS \u2013Maqedoni\u201d, mb\u00ebshtetur nga kisha Rutgers NY (SHBA).<\/p>\n<p><strong>Pikat kryesore:<\/strong> Procesi i krijimit t\u00eb shfaqjeve t\u00eb Teatrit t\u00eb hijeve p\u00ebrfshinte ngush\u00ebllime me ekspert\u00eb p\u00ebr komunikimin nd\u00ebrkulturor, n\u00eb m\u00ebnyr\u00eb q\u00eb t\u00eb siguroheshin q\u00eb mesazhet t\u00eb jen\u00eb efektive dhe t\u00eb fuqishme. Zhvillimi i rezultateve krijuese ishte vet\u00eb nj\u00eb proces m\u00ebsimi (vet\u00ebm ngjyra t\u00eb ndritshme, shmangia e kontureve t\u00eb peizazheve t\u00eb qytetit, etj.).<\/p>\n","protected":false},"excerpt":{"rendered":"<p>N\u00eb mars t\u00eb 2016, si p\u00ebrgjigjje humanitare ndaj pamjeve jasht\u00ebzakonisht trishtuese t\u00eb refugjat\u00ebve n\u00eb kampet p\u00ebrgjat\u00eb kufirit t\u00eb Maqedonis\u00eb s\u00eb Veriut, ARNO nd\u00ebrrmori nj\u00eb projekt&#8230; [&#8230;]<\/p>\n<p><a class=\"btn btn-secondary understrap-read-more-link\" href=\"https:\/\/arno.org.mk\/sq\/projekte\/cepi-i-zbavitjes-ne-kufi\/\">Read More&#8230;<\/a><\/p>\n","protected":false},"author":1,"featured_media":553,"comment_status":"open","ping_status":"open","sticky":false,"template":"","format":"standard","meta":{"_acf_changed":false,"footnotes":""},"categories":[36,37,39,27],"tags":[],"class_list":["post-664","post","type-post","status-publish","format-standard","has-post-thumbnail","hentry","category-projekte-filantropia","category-programi-inovacione-sociale","category-programit-rinor-sq","category-projekte"],"acf":[],"yoast_head":"<!-- This site is optimized with the Yoast SEO plugin v27.5 - https:\/\/yoast.com\/product\/yoast-seo-wordpress\/ -->\n<title>Cepi i zbavitjes n\u00eb kufi - ARNO<\/title>\n<meta name=\"description\" content=\"N\u00eb mars t\u00eb 2016, si p\u00ebrgjigjje humanitare ndaj pamjeve jasht\u00ebzakonisht trishtuese t\u00eb refugjat\u00ebve n\u00eb kampet p\u00ebrgjat\u00eb kufirit t\u00eb Maqedonis\u00eb s\u00eb Veriut, ARNO nd\u00ebrrmori nj\u00eb projekt afatshkurt\u00ebr p\u00ebr f\u00ebmij\u00ebt refugjat\u00eb. Bashk\u00eb me ekipin teatror \u201cHije dhe re\u201d, ARNO organizoi disa pun\u00ebtori p\u00ebr f\u00ebmij\u00ebt migrant\u00eb n\u00eb kufirin e Maqedonis\u00eb s\u00eb Veriut, n\u00eb Tabanovc.\" \/>\n<meta name=\"robots\" content=\"index, follow, max-snippet:-1, max-image-preview:large, max-video-preview:-1\" \/>\n<link rel=\"canonical\" href=\"https:\/\/arno.org.mk\/sq\/projekte\/cepi-i-zbavitjes-ne-kufi\/\" \/>\n<meta property=\"og:locale\" content=\"sq_AL\" \/>\n<meta property=\"og:type\" content=\"article\" \/>\n<meta property=\"og:title\" content=\"Cepi i zbavitjes n\u00eb kufi - ARNO\" \/>\n<meta property=\"og:description\" content=\"N\u00eb mars t\u00eb 2016, si p\u00ebrgjigjje humanitare ndaj pamjeve jasht\u00ebzakonisht trishtuese t\u00eb refugjat\u00ebve n\u00eb kampet p\u00ebrgjat\u00eb kufirit t\u00eb Maqedonis\u00eb s\u00eb Veriut, ARNO nd\u00ebrrmori nj\u00eb projekt afatshkurt\u00ebr p\u00ebr f\u00ebmij\u00ebt refugjat\u00eb. Bashk\u00eb me ekipin teatror \u201cHije dhe re\u201d, ARNO organizoi disa pun\u00ebtori p\u00ebr f\u00ebmij\u00ebt migrant\u00eb n\u00eb kufirin e Maqedonis\u00eb s\u00eb Veriut, n\u00eb Tabanovc.\" \/>\n<meta property=\"og:url\" content=\"https:\/\/arno.org.mk\/sq\/projekte\/cepi-i-zbavitjes-ne-kufi\/\" \/>\n<meta property=\"og:site_name\" content=\"ARNO\" \/>\n<meta property=\"article:publisher\" content=\"https:\/\/www.facebook.com\/ARNO.Social.Innovation\" \/>\n<meta property=\"article:published_time\" content=\"2020-09-16T21:48:27+00:00\" \/>\n<meta property=\"article:modified_time\" content=\"2020-11-24T22:10:15+00:00\" \/>\n<meta property=\"og:image\" content=\"https:\/\/arno.org.mk\/wp-content\/uploads\/2020\/10\/Arno_Projects_Thumbnail_600x600_fun_corner_at_the_border.jpg\" \/>\n\t<meta property=\"og:image:width\" content=\"600\" \/>\n\t<meta property=\"og:image:height\" content=\"600\" \/>\n\t<meta property=\"og:image:type\" content=\"image\/jpeg\" \/>\n<meta name=\"author\" content=\"arnoadmin\" \/>\n<meta name=\"twitter:card\" content=\"summary_large_image\" \/>\n<meta name=\"twitter:creator\" content=\"@ARNO_mkd\" \/>\n<meta name=\"twitter:site\" content=\"@ARNO_mkd\" \/>\n<meta name=\"twitter:label1\" content=\"Written by\" \/>\n\t<meta name=\"twitter:data1\" content=\"arnoadmin\" \/>\n\t<meta name=\"twitter:label2\" content=\"Est. reading time\" \/>\n\t<meta name=\"twitter:data2\" content=\"1 minute\" \/>\n<script type=\"application\/ld+json\" class=\"yoast-schema-graph\">{\"@context\":\"https:\\\/\\\/schema.org\",\"@graph\":[{\"@type\":\"Article\",\"@id\":\"https:\\\/\\\/arno.org.mk\\\/sq\\\/projekte\\\/cepi-i-zbavitjes-ne-kufi\\\/#article\",\"isPartOf\":{\"@id\":\"https:\\\/\\\/arno.org.mk\\\/sq\\\/projekte\\\/cepi-i-zbavitjes-ne-kufi\\\/\"},\"author\":{\"name\":\"arnoadmin\",\"@id\":\"https:\\\/\\\/arno.org.mk\\\/sq\\\/#\\\/schema\\\/person\\\/93ae20d101ff897fd05d587bb33beb0d\"},\"headline\":\"Cepi i zbavitjes n\u00eb kufi\",\"datePublished\":\"2020-09-16T21:48:27+00:00\",\"dateModified\":\"2020-11-24T22:10:15+00:00\",\"mainEntityOfPage\":{\"@id\":\"https:\\\/\\\/arno.org.mk\\\/sq\\\/projekte\\\/cepi-i-zbavitjes-ne-kufi\\\/\"},\"wordCount\":267,\"commentCount\":0,\"image\":{\"@id\":\"https:\\\/\\\/arno.org.mk\\\/sq\\\/projekte\\\/cepi-i-zbavitjes-ne-kufi\\\/#primaryimage\"},\"thumbnailUrl\":\"https:\\\/\\\/arno.org.mk\\\/wp-content\\\/uploads\\\/2020\\\/10\\\/Arno_Projects_Thumbnail_600x600_fun_corner_at_the_border.jpg\",\"articleSection\":[\"Philanthropy\",\"Programi p\u00ebr Inovacione Sociale\",\"Programit ton\u00eb Rinor\",\"Projekte\"],\"inLanguage\":\"sq-AL\",\"potentialAction\":[{\"@type\":\"CommentAction\",\"name\":\"Comment\",\"target\":[\"https:\\\/\\\/arno.org.mk\\\/sq\\\/projekte\\\/cepi-i-zbavitjes-ne-kufi\\\/#respond\"]}]},{\"@type\":\"WebPage\",\"@id\":\"https:\\\/\\\/arno.org.mk\\\/sq\\\/projekte\\\/cepi-i-zbavitjes-ne-kufi\\\/\",\"url\":\"https:\\\/\\\/arno.org.mk\\\/sq\\\/projekte\\\/cepi-i-zbavitjes-ne-kufi\\\/\",\"name\":\"Cepi i zbavitjes n\u00eb kufi - ARNO\",\"isPartOf\":{\"@id\":\"https:\\\/\\\/arno.org.mk\\\/sq\\\/#website\"},\"primaryImageOfPage\":{\"@id\":\"https:\\\/\\\/arno.org.mk\\\/sq\\\/projekte\\\/cepi-i-zbavitjes-ne-kufi\\\/#primaryimage\"},\"image\":{\"@id\":\"https:\\\/\\\/arno.org.mk\\\/sq\\\/projekte\\\/cepi-i-zbavitjes-ne-kufi\\\/#primaryimage\"},\"thumbnailUrl\":\"https:\\\/\\\/arno.org.mk\\\/wp-content\\\/uploads\\\/2020\\\/10\\\/Arno_Projects_Thumbnail_600x600_fun_corner_at_the_border.jpg\",\"datePublished\":\"2020-09-16T21:48:27+00:00\",\"dateModified\":\"2020-11-24T22:10:15+00:00\",\"author\":{\"@id\":\"https:\\\/\\\/arno.org.mk\\\/sq\\\/#\\\/schema\\\/person\\\/93ae20d101ff897fd05d587bb33beb0d\"},\"description\":\"N\u00eb mars t\u00eb 2016, si p\u00ebrgjigjje humanitare ndaj pamjeve jasht\u00ebzakonisht trishtuese t\u00eb refugjat\u00ebve n\u00eb kampet p\u00ebrgjat\u00eb kufirit t\u00eb Maqedonis\u00eb s\u00eb Veriut, ARNO nd\u00ebrrmori nj\u00eb projekt afatshkurt\u00ebr p\u00ebr f\u00ebmij\u00ebt refugjat\u00eb. Bashk\u00eb me ekipin teatror \u201cHije dhe re\u201d, ARNO organizoi disa pun\u00ebtori p\u00ebr f\u00ebmij\u00ebt migrant\u00eb n\u00eb kufirin e Maqedonis\u00eb s\u00eb Veriut, n\u00eb Tabanovc.\",\"breadcrumb\":{\"@id\":\"https:\\\/\\\/arno.org.mk\\\/sq\\\/projekte\\\/cepi-i-zbavitjes-ne-kufi\\\/#breadcrumb\"},\"inLanguage\":\"sq-AL\",\"potentialAction\":[{\"@type\":\"ReadAction\",\"target\":[\"https:\\\/\\\/arno.org.mk\\\/sq\\\/projekte\\\/cepi-i-zbavitjes-ne-kufi\\\/\"]}]},{\"@type\":\"ImageObject\",\"inLanguage\":\"sq-AL\",\"@id\":\"https:\\\/\\\/arno.org.mk\\\/sq\\\/projekte\\\/cepi-i-zbavitjes-ne-kufi\\\/#primaryimage\",\"url\":\"https:\\\/\\\/arno.org.mk\\\/wp-content\\\/uploads\\\/2020\\\/10\\\/Arno_Projects_Thumbnail_600x600_fun_corner_at_the_border.jpg\",\"contentUrl\":\"https:\\\/\\\/arno.org.mk\\\/wp-content\\\/uploads\\\/2020\\\/10\\\/Arno_Projects_Thumbnail_600x600_fun_corner_at_the_border.jpg\",\"width\":600,\"height\":600},{\"@type\":\"BreadcrumbList\",\"@id\":\"https:\\\/\\\/arno.org.mk\\\/sq\\\/projekte\\\/cepi-i-zbavitjes-ne-kufi\\\/#breadcrumb\",\"itemListElement\":[{\"@type\":\"ListItem\",\"position\":1,\"name\":\"Faqja kryesore\",\"item\":\"https:\\\/\\\/arno.org.mk\\\/sq\\\/\"},{\"@type\":\"ListItem\",\"position\":2,\"name\":\"Cepi i zbavitjes n\u00eb kufi\"}]},{\"@type\":\"WebSite\",\"@id\":\"https:\\\/\\\/arno.org.mk\\\/sq\\\/#website\",\"url\":\"https:\\\/\\\/arno.org.mk\\\/sq\\\/\",\"name\":\"ARNO\",\"description\":\"We are ARNO and we do good!\",\"potentialAction\":[{\"@type\":\"SearchAction\",\"target\":{\"@type\":\"EntryPoint\",\"urlTemplate\":\"https:\\\/\\\/arno.org.mk\\\/sq\\\/?s={search_term_string}\"},\"query-input\":{\"@type\":\"PropertyValueSpecification\",\"valueRequired\":true,\"valueName\":\"search_term_string\"}}],\"inLanguage\":\"sq-AL\"},{\"@type\":\"Person\",\"@id\":\"https:\\\/\\\/arno.org.mk\\\/sq\\\/#\\\/schema\\\/person\\\/93ae20d101ff897fd05d587bb33beb0d\",\"name\":\"arnoadmin\",\"image\":{\"@type\":\"ImageObject\",\"inLanguage\":\"sq-AL\",\"@id\":\"https:\\\/\\\/secure.gravatar.com\\\/avatar\\\/5eb0d14c31a4fe20a658b7f13e70bb654523c6ede1d439137702562d92f84d50?s=96&d=mm&r=g\",\"url\":\"https:\\\/\\\/secure.gravatar.com\\\/avatar\\\/5eb0d14c31a4fe20a658b7f13e70bb654523c6ede1d439137702562d92f84d50?s=96&d=mm&r=g\",\"contentUrl\":\"https:\\\/\\\/secure.gravatar.com\\\/avatar\\\/5eb0d14c31a4fe20a658b7f13e70bb654523c6ede1d439137702562d92f84d50?s=96&d=mm&r=g\",\"caption\":\"arnoadmin\"},\"sameAs\":[\"https:\\\/\\\/arnotemp.zeleniidei.mk\"],\"url\":\"https:\\\/\\\/arno.org.mk\\\/sq\\\/author\\\/arnoadmin\\\/\"}]}<\/script>\n<!-- \/ Yoast SEO plugin. -->","yoast_head_json":{"title":"Cepi i zbavitjes n\u00eb kufi - ARNO","description":"N\u00eb mars t\u00eb 2016, si p\u00ebrgjigjje humanitare ndaj pamjeve jasht\u00ebzakonisht trishtuese t\u00eb refugjat\u00ebve n\u00eb kampet p\u00ebrgjat\u00eb kufirit t\u00eb Maqedonis\u00eb s\u00eb Veriut, ARNO nd\u00ebrrmori nj\u00eb projekt afatshkurt\u00ebr p\u00ebr f\u00ebmij\u00ebt refugjat\u00eb. Bashk\u00eb me ekipin teatror \u201cHije dhe re\u201d, ARNO organizoi disa pun\u00ebtori p\u00ebr f\u00ebmij\u00ebt migrant\u00eb n\u00eb kufirin e Maqedonis\u00eb s\u00eb Veriut, n\u00eb Tabanovc.","robots":{"index":"index","follow":"follow","max-snippet":"max-snippet:-1","max-image-preview":"max-image-preview:large","max-video-preview":"max-video-preview:-1"},"canonical":"https:\/\/arno.org.mk\/sq\/projekte\/cepi-i-zbavitjes-ne-kufi\/","og_locale":"sq_AL","og_type":"article","og_title":"Cepi i zbavitjes n\u00eb kufi - ARNO","og_description":"N\u00eb mars t\u00eb 2016, si p\u00ebrgjigjje humanitare ndaj pamjeve jasht\u00ebzakonisht trishtuese t\u00eb refugjat\u00ebve n\u00eb kampet p\u00ebrgjat\u00eb kufirit t\u00eb Maqedonis\u00eb s\u00eb Veriut, ARNO nd\u00ebrrmori nj\u00eb projekt afatshkurt\u00ebr p\u00ebr f\u00ebmij\u00ebt refugjat\u00eb. Bashk\u00eb me ekipin teatror \u201cHije dhe re\u201d, ARNO organizoi disa pun\u00ebtori p\u00ebr f\u00ebmij\u00ebt migrant\u00eb n\u00eb kufirin e Maqedonis\u00eb s\u00eb Veriut, n\u00eb Tabanovc.","og_url":"https:\/\/arno.org.mk\/sq\/projekte\/cepi-i-zbavitjes-ne-kufi\/","og_site_name":"ARNO","article_publisher":"https:\/\/www.facebook.com\/ARNO.Social.Innovation","article_published_time":"2020-09-16T21:48:27+00:00","article_modified_time":"2020-11-24T22:10:15+00:00","og_image":[{"width":600,"height":600,"url":"https:\/\/arno.org.mk\/wp-content\/uploads\/2020\/10\/Arno_Projects_Thumbnail_600x600_fun_corner_at_the_border.jpg","type":"image\/jpeg"}],"author":"arnoadmin","twitter_card":"summary_large_image","twitter_creator":"@ARNO_mkd","twitter_site":"@ARNO_mkd","twitter_misc":{"Written by":"arnoadmin","Est. reading time":"1 minute"},"schema":{"@context":"https:\/\/schema.org","@graph":[{"@type":"Article","@id":"https:\/\/arno.org.mk\/sq\/projekte\/cepi-i-zbavitjes-ne-kufi\/#article","isPartOf":{"@id":"https:\/\/arno.org.mk\/sq\/projekte\/cepi-i-zbavitjes-ne-kufi\/"},"author":{"name":"arnoadmin","@id":"https:\/\/arno.org.mk\/sq\/#\/schema\/person\/93ae20d101ff897fd05d587bb33beb0d"},"headline":"Cepi i zbavitjes n\u00eb kufi","datePublished":"2020-09-16T21:48:27+00:00","dateModified":"2020-11-24T22:10:15+00:00","mainEntityOfPage":{"@id":"https:\/\/arno.org.mk\/sq\/projekte\/cepi-i-zbavitjes-ne-kufi\/"},"wordCount":267,"commentCount":0,"image":{"@id":"https:\/\/arno.org.mk\/sq\/projekte\/cepi-i-zbavitjes-ne-kufi\/#primaryimage"},"thumbnailUrl":"https:\/\/arno.org.mk\/wp-content\/uploads\/2020\/10\/Arno_Projects_Thumbnail_600x600_fun_corner_at_the_border.jpg","articleSection":["Philanthropy","Programi p\u00ebr Inovacione Sociale","Programit ton\u00eb Rinor","Projekte"],"inLanguage":"sq-AL","potentialAction":[{"@type":"CommentAction","name":"Comment","target":["https:\/\/arno.org.mk\/sq\/projekte\/cepi-i-zbavitjes-ne-kufi\/#respond"]}]},{"@type":"WebPage","@id":"https:\/\/arno.org.mk\/sq\/projekte\/cepi-i-zbavitjes-ne-kufi\/","url":"https:\/\/arno.org.mk\/sq\/projekte\/cepi-i-zbavitjes-ne-kufi\/","name":"Cepi i zbavitjes n\u00eb kufi - ARNO","isPartOf":{"@id":"https:\/\/arno.org.mk\/sq\/#website"},"primaryImageOfPage":{"@id":"https:\/\/arno.org.mk\/sq\/projekte\/cepi-i-zbavitjes-ne-kufi\/#primaryimage"},"image":{"@id":"https:\/\/arno.org.mk\/sq\/projekte\/cepi-i-zbavitjes-ne-kufi\/#primaryimage"},"thumbnailUrl":"https:\/\/arno.org.mk\/wp-content\/uploads\/2020\/10\/Arno_Projects_Thumbnail_600x600_fun_corner_at_the_border.jpg","datePublished":"2020-09-16T21:48:27+00:00","dateModified":"2020-11-24T22:10:15+00:00","author":{"@id":"https:\/\/arno.org.mk\/sq\/#\/schema\/person\/93ae20d101ff897fd05d587bb33beb0d"},"description":"N\u00eb mars t\u00eb 2016, si p\u00ebrgjigjje humanitare ndaj pamjeve jasht\u00ebzakonisht trishtuese t\u00eb refugjat\u00ebve n\u00eb kampet p\u00ebrgjat\u00eb kufirit t\u00eb Maqedonis\u00eb s\u00eb Veriut, ARNO nd\u00ebrrmori nj\u00eb projekt afatshkurt\u00ebr p\u00ebr f\u00ebmij\u00ebt refugjat\u00eb. Bashk\u00eb me ekipin teatror \u201cHije dhe re\u201d, ARNO organizoi disa pun\u00ebtori p\u00ebr f\u00ebmij\u00ebt migrant\u00eb n\u00eb kufirin e Maqedonis\u00eb s\u00eb Veriut, n\u00eb Tabanovc.","breadcrumb":{"@id":"https:\/\/arno.org.mk\/sq\/projekte\/cepi-i-zbavitjes-ne-kufi\/#breadcrumb"},"inLanguage":"sq-AL","potentialAction":[{"@type":"ReadAction","target":["https:\/\/arno.org.mk\/sq\/projekte\/cepi-i-zbavitjes-ne-kufi\/"]}]},{"@type":"ImageObject","inLanguage":"sq-AL","@id":"https:\/\/arno.org.mk\/sq\/projekte\/cepi-i-zbavitjes-ne-kufi\/#primaryimage","url":"https:\/\/arno.org.mk\/wp-content\/uploads\/2020\/10\/Arno_Projects_Thumbnail_600x600_fun_corner_at_the_border.jpg","contentUrl":"https:\/\/arno.org.mk\/wp-content\/uploads\/2020\/10\/Arno_Projects_Thumbnail_600x600_fun_corner_at_the_border.jpg","width":600,"height":600},{"@type":"BreadcrumbList","@id":"https:\/\/arno.org.mk\/sq\/projekte\/cepi-i-zbavitjes-ne-kufi\/#breadcrumb","itemListElement":[{"@type":"ListItem","position":1,"name":"Faqja kryesore","item":"https:\/\/arno.org.mk\/sq\/"},{"@type":"ListItem","position":2,"name":"Cepi i zbavitjes n\u00eb kufi"}]},{"@type":"WebSite","@id":"https:\/\/arno.org.mk\/sq\/#website","url":"https:\/\/arno.org.mk\/sq\/","name":"ARNO","description":"We are ARNO and we do good!","potentialAction":[{"@type":"SearchAction","target":{"@type":"EntryPoint","urlTemplate":"https:\/\/arno.org.mk\/sq\/?s={search_term_string}"},"query-input":{"@type":"PropertyValueSpecification","valueRequired":true,"valueName":"search_term_string"}}],"inLanguage":"sq-AL"},{"@type":"Person","@id":"https:\/\/arno.org.mk\/sq\/#\/schema\/person\/93ae20d101ff897fd05d587bb33beb0d","name":"arnoadmin","image":{"@type":"ImageObject","inLanguage":"sq-AL","@id":"https:\/\/secure.gravatar.com\/avatar\/5eb0d14c31a4fe20a658b7f13e70bb654523c6ede1d439137702562d92f84d50?s=96&d=mm&r=g","url":"https:\/\/secure.gravatar.com\/avatar\/5eb0d14c31a4fe20a658b7f13e70bb654523c6ede1d439137702562d92f84d50?s=96&d=mm&r=g","contentUrl":"https:\/\/secure.gravatar.com\/avatar\/5eb0d14c31a4fe20a658b7f13e70bb654523c6ede1d439137702562d92f84d50?s=96&d=mm&r=g","caption":"arnoadmin"},"sameAs":["https:\/\/arnotemp.zeleniidei.mk"],"url":"https:\/\/arno.org.mk\/sq\/author\/arnoadmin\/"}]}},"_links":{"self":[{"href":"https:\/\/arno.org.mk\/sq\/wp-json\/wp\/v2\/posts\/664","targetHints":{"allow":["GET"]}}],"collection":[{"href":"https:\/\/arno.org.mk\/sq\/wp-json\/wp\/v2\/posts"}],"about":[{"href":"https:\/\/arno.org.mk\/sq\/wp-json\/wp\/v2\/types\/post"}],"author":[{"embeddable":true,"href":"https:\/\/arno.org.mk\/sq\/wp-json\/wp\/v2\/users\/1"}],"replies":[{"embeddable":true,"href":"https:\/\/arno.org.mk\/sq\/wp-json\/wp\/v2\/comments?post=664"}],"version-history":[{"count":0,"href":"https:\/\/arno.org.mk\/sq\/wp-json\/wp\/v2\/posts\/664\/revisions"}],"wp:featuredmedia":[{"embeddable":true,"href":"https:\/\/arno.org.mk\/sq\/wp-json\/wp\/v2\/media\/553"}],"wp:attachment":[{"href":"https:\/\/arno.org.mk\/sq\/wp-json\/wp\/v2\/media?parent=664"}],"wp:term":[{"taxonomy":"category","embeddable":true,"href":"https:\/\/arno.org.mk\/sq\/wp-json\/wp\/v2\/categories?post=664"},{"taxonomy":"post_tag","embeddable":true,"href":"https:\/\/arno.org.mk\/sq\/wp-json\/wp\/v2\/tags?post=664"}],"curies":[{"name":"wp","href":"https:\/\/api.w.org\/{rel}","templated":true}]}}