{"id":661,"date":"2020-09-16T20:55:30","date_gmt":"2020-09-16T20:55:30","guid":{"rendered":"http:\/\/arno.org.mk\/uncategorized-sq\/kuzhina-profesionale-e-te-rinjve-teknologji-te-reja-per-biznes-social\/"},"modified":"2020-11-24T22:04:48","modified_gmt":"2020-11-24T22:04:48","slug":"kuzhina-profesionale-e-te-rinjve-teknologji-te-reja-per-biznes-social","status":"publish","type":"post","link":"https:\/\/arno.org.mk\/sq\/projekte\/kuzhina-profesionale-e-te-rinjve-teknologji-te-reja-per-biznes-social\/","title":{"rendered":"Kuzhina profesionale e t\u00eb rinjve \u2013 Teknologji t\u00eb reja p\u00ebr biznes social"},"content":{"rendered":"<p><strong>Kuzhina profesionale e t\u00eb rinjve<\/strong><\/p>\n<p>Frym\u00ebzimi i ARNO-s p\u00ebr k\u00ebt\u00eb projekt, ishte k\u00ebrkesa e lart\u00eb e kuzhinier\u00ebve si dhe reputacioni i ul\u00ebt p\u00ebr nx\u00ebn\u00ebsit e gastronomis\u00eb n\u00eb shoq\u00ebrin\u00eb ton\u00eb.\u00a0 Ky projekt \u00ebsht\u00eb i pari n\u00eb vend q\u00eb promovon nd\u00ebrmarr\u00ebsin\u00eb sociale, p\u00ebrmes p\u00ebrdorimit t\u00eb IT-s\u00eb, p\u00ebr t\u00eb zvog\u00ebluar n\u00eb m\u00ebnyr\u00eb inovative papun\u00ebsin\u00eb e t\u00eb rinjve dhe nd\u00ebrtimin e komuniteteve t\u00eb q\u00ebndrueshme rinore. Si pjes\u00eb e projektit, 20 nx\u00ebn\u00ebs (kuzhinier\u00eb) nga shkolla profesionale, mor\u00ebn trajnime mbi aft\u00ebsit\u00eb themelore t\u00eb biznesit, si\u00e7 jan\u00eb: prezantimi i modelit t\u00eb nd\u00ebrmarrjes sociale, trajnime p\u00ebr menaxhimin e platformave t\u00eb mediave sociale, p\u00ebrdorimi i post\u00ebs elektronike dhe korrespodenc\u00ebs profesionale, dhe nd\u00ebrtimi i CV-ve dhe portofole. Nx\u00ebn\u00ebsit gjithashtu mor\u00ebn foto profesionale kreative p\u00ebr p\u00ebrdorim t\u00eb m\u00ebtejsh\u00ebm p\u00ebr vet\u00eb-promovim. Disa nga nx\u00ebn\u00ebsit, fal\u00eb projektit, u ekspozuan n\u00eb tregun e pun\u00ebs dhe fituan pun\u00ebn e tyre t\u00eb par\u00eb.<\/p>\n<p>Produktet IT t\u00eb projektit jan\u00eb:<\/p>\n<ul>\n<li>Faqe interneti dhe aplikacioni mobil &#8211; www.mojketering.mk, p\u00ebrmes t\u00eb cilit, \u00e7do qytetar mund t\u00eb porosit\u00eb ketering nga shkolla dhe k\u00ebshtu t\u00eb mb\u00ebshtes\u00eb nx\u00ebn\u00ebsit. T\u00eb gjith\u00eb t\u00eb ardhurat nga keteringu, ri-investohen tek nx\u00ebn\u00ebsit.<\/li>\n<li>Faqja interneit http:\/\/www.coolinari.mk dhe RECEPTKO (Aplikacioni mobil p\u00ebr receta) &#8211; platforma n\u00eb internet q\u00eb promovojn\u00eb profesionin e kuzhin\u00ebs dhe sh\u00ebrben\u00eb si nj\u00eb baz\u00eb t\u00eb dh\u00ebnash p\u00ebr pun\u00ebdh\u00ebn\u00ebsit. K\u00ebtu p\u00ebrfshihen receta t\u00eb t\u00eb rinjve dhe CV-t\u00eb e tyre ekspozohen n\u00eb tregun e pun\u00ebs.<\/li>\n<li>Projekti u implementua me nj\u00eb grant t\u00eb dh\u00ebn\u00eb n\u00eb kuad\u00ebr t\u00eb Programit t\u00eb UNDP-s\u00eb &#8220;Mb\u00ebshtetje e Nd\u00ebrmarr\u00ebsis\u00eb Sociale p\u00ebr t\u00eb rinjt\u00eb&#8221; n\u00eb partneritet me Shkoll\u00ebn Shtet\u00ebrore t\u00eb AAP-s\u00eb p\u00ebr Gastronomin\u00eb SHMQSH&#8221;Lazar Tanev&#8221;, OJQ-n\u00eb &#8220;Youth Can&#8221;, Komun\u00ebn Qend\u00ebr dhe disa kompani private. Me t\u00eb gjith\u00eb historin\u00eb e saj t\u00eb suksesit, kjo iniciativ\u00eb u rrit nga nj\u00eb projekt I ARNO-s, n\u00eb nj\u00eb program t\u00eb njohur t\u00eb titulluar &#8221; \u00cbsht\u00eb cool t\u00eb jesh Coolinari&#8221; dhe n\u00eb nj\u00eb \u00ebnd\u00ebrr q\u00eb nj\u00eb dit\u00eb t\u00eb regjistrohet si nj\u00eb Nd\u00ebrmarrje Sociale &#8220;Coolinari&#8221;.<\/li>\n<\/ul>\n<p><strong>Pikat kryesore:<\/strong> P\u00ebr k\u00ebt\u00eb projekt, ARNO u rreshtua n\u00eb list\u00ebn e \u00e7mimeve Europiane t\u00eb Rinis\u00eb 2014. European Youth Award (EYA) (\u00e7mimi europian i t\u00eb rinj\u00ebve) \u00ebsht\u00eb nj\u00eb konkurs pan-Europian p\u00ebr t\u00eb motivuar t\u00eb rinjt\u00eb, sip\u00ebrmarr\u00ebsit social\u00eb dhe startup-et, p\u00ebr t\u00eb prodhuar projekte dixhitale me vler\u00eb sociale, q\u00eb adresojn\u00eb q\u00ebllimet e p\u00ebrcaktuara nga K\u00ebshilli i Europ\u00ebs dhe Europa 2020. Ai demonstron potencialin e tyre p\u00ebr t\u00eb krijuar zgjidhje inovative me internet dhe teknologji mobile.<\/p>\n","protected":false},"excerpt":{"rendered":"<p>Kuzhina profesionale e t\u00eb rinjve Frym\u00ebzimi i ARNO-s p\u00ebr k\u00ebt\u00eb projekt, ishte k\u00ebrkesa e lart\u00eb e kuzhinier\u00ebve si dhe reputacioni i ul\u00ebt p\u00ebr nx\u00ebn\u00ebsit e&#8230; [&#8230;]<\/p>\n<p><a class=\"btn btn-secondary understrap-read-more-link\" href=\"https:\/\/arno.org.mk\/sq\/projekte\/kuzhina-profesionale-e-te-rinjve-teknologji-te-reja-per-biznes-social\/\">Read More&#8230;<\/a><\/p>\n","protected":false},"author":1,"featured_media":550,"comment_status":"open","ping_status":"open","sticky":false,"template":"","format":"standard","meta":{"_acf_changed":false,"footnotes":""},"categories":[38,27],"tags":[],"class_list":["post-661","post","type-post","status-publish","format-standard","has-post-thumbnail","hentry","category-programi-zhvillimi-te-qendrueshem","category-projekte"],"acf":[],"yoast_head":"<!-- This site is optimized with the Yoast SEO plugin v27.5 - https:\/\/yoast.com\/product\/yoast-seo-wordpress\/ -->\n<title>Kuzhina profesionale e t\u00eb rinjve \u2013 Teknologji t\u00eb reja p\u00ebr biznes social - ARNO<\/title>\n<meta name=\"robots\" content=\"index, follow, max-snippet:-1, max-image-preview:large, max-video-preview:-1\" \/>\n<link rel=\"canonical\" href=\"https:\/\/arno.org.mk\/sq\/projekte\/kuzhina-profesionale-e-te-rinjve-teknologji-te-reja-per-biznes-social\/\" \/>\n<meta property=\"og:locale\" content=\"sq_AL\" \/>\n<meta property=\"og:type\" content=\"article\" \/>\n<meta property=\"og:title\" content=\"Kuzhina profesionale e t\u00eb rinjve \u2013 Teknologji t\u00eb reja p\u00ebr biznes social - ARNO\" \/>\n<meta property=\"og:description\" content=\"Kuzhina profesionale e t\u00eb rinjve Frym\u00ebzimi i ARNO-s p\u00ebr k\u00ebt\u00eb projekt, ishte k\u00ebrkesa e lart\u00eb e kuzhinier\u00ebve si dhe reputacioni i ul\u00ebt p\u00ebr nx\u00ebn\u00ebsit e... [...]Read More...\" \/>\n<meta property=\"og:url\" content=\"https:\/\/arno.org.mk\/sq\/projekte\/kuzhina-profesionale-e-te-rinjve-teknologji-te-reja-per-biznes-social\/\" \/>\n<meta property=\"og:site_name\" content=\"ARNO\" \/>\n<meta property=\"article:publisher\" content=\"https:\/\/www.facebook.com\/ARNO.Social.Innovation\" \/>\n<meta property=\"article:published_time\" content=\"2020-09-16T20:55:30+00:00\" \/>\n<meta property=\"article:modified_time\" content=\"2020-11-24T22:04:48+00:00\" \/>\n<meta property=\"og:image\" content=\"https:\/\/arno.org.mk\/wp-content\/uploads\/2020\/10\/Arno_Projects_Thumbnail_600x600_coolinari.jpg\" \/>\n\t<meta property=\"og:image:width\" content=\"600\" \/>\n\t<meta property=\"og:image:height\" content=\"600\" \/>\n\t<meta property=\"og:image:type\" content=\"image\/jpeg\" \/>\n<meta name=\"author\" content=\"arnoadmin\" \/>\n<meta name=\"twitter:card\" content=\"summary_large_image\" \/>\n<meta name=\"twitter:creator\" content=\"@ARNO_mkd\" \/>\n<meta name=\"twitter:site\" content=\"@ARNO_mkd\" \/>\n<meta name=\"twitter:label1\" content=\"Written by\" \/>\n\t<meta name=\"twitter:data1\" content=\"arnoadmin\" \/>\n\t<meta name=\"twitter:label2\" content=\"Est. reading time\" \/>\n\t<meta name=\"twitter:data2\" content=\"2 minutes\" \/>\n<script type=\"application\/ld+json\" class=\"yoast-schema-graph\">{\"@context\":\"https:\\\/\\\/schema.org\",\"@graph\":[{\"@type\":\"Article\",\"@id\":\"https:\\\/\\\/arno.org.mk\\\/sq\\\/projekte\\\/kuzhina-profesionale-e-te-rinjve-teknologji-te-reja-per-biznes-social\\\/#article\",\"isPartOf\":{\"@id\":\"https:\\\/\\\/arno.org.mk\\\/sq\\\/projekte\\\/kuzhina-profesionale-e-te-rinjve-teknologji-te-reja-per-biznes-social\\\/\"},\"author\":{\"name\":\"arnoadmin\",\"@id\":\"https:\\\/\\\/arno.org.mk\\\/sq\\\/#\\\/schema\\\/person\\\/93ae20d101ff897fd05d587bb33beb0d\"},\"headline\":\"Kuzhina profesionale e t\u00eb rinjve \u2013 Teknologji t\u00eb reja p\u00ebr biznes social\",\"datePublished\":\"2020-09-16T20:55:30+00:00\",\"dateModified\":\"2020-11-24T22:04:48+00:00\",\"mainEntityOfPage\":{\"@id\":\"https:\\\/\\\/arno.org.mk\\\/sq\\\/projekte\\\/kuzhina-profesionale-e-te-rinjve-teknologji-te-reja-per-biznes-social\\\/\"},\"wordCount\":475,\"commentCount\":0,\"image\":{\"@id\":\"https:\\\/\\\/arno.org.mk\\\/sq\\\/projekte\\\/kuzhina-profesionale-e-te-rinjve-teknologji-te-reja-per-biznes-social\\\/#primaryimage\"},\"thumbnailUrl\":\"https:\\\/\\\/arno.org.mk\\\/wp-content\\\/uploads\\\/2020\\\/10\\\/Arno_Projects_Thumbnail_600x600_coolinari.jpg\",\"articleSection\":[\"Programi p\u00ebr Zhvillimi t\u00eb Q\u00ebndruesh\u00ebm\",\"Projekte\"],\"inLanguage\":\"sq-AL\",\"potentialAction\":[{\"@type\":\"CommentAction\",\"name\":\"Comment\",\"target\":[\"https:\\\/\\\/arno.org.mk\\\/sq\\\/projekte\\\/kuzhina-profesionale-e-te-rinjve-teknologji-te-reja-per-biznes-social\\\/#respond\"]}]},{\"@type\":\"WebPage\",\"@id\":\"https:\\\/\\\/arno.org.mk\\\/sq\\\/projekte\\\/kuzhina-profesionale-e-te-rinjve-teknologji-te-reja-per-biznes-social\\\/\",\"url\":\"https:\\\/\\\/arno.org.mk\\\/sq\\\/projekte\\\/kuzhina-profesionale-e-te-rinjve-teknologji-te-reja-per-biznes-social\\\/\",\"name\":\"Kuzhina profesionale e t\u00eb rinjve \u2013 Teknologji t\u00eb reja p\u00ebr biznes social - ARNO\",\"isPartOf\":{\"@id\":\"https:\\\/\\\/arno.org.mk\\\/sq\\\/#website\"},\"primaryImageOfPage\":{\"@id\":\"https:\\\/\\\/arno.org.mk\\\/sq\\\/projekte\\\/kuzhina-profesionale-e-te-rinjve-teknologji-te-reja-per-biznes-social\\\/#primaryimage\"},\"image\":{\"@id\":\"https:\\\/\\\/arno.org.mk\\\/sq\\\/projekte\\\/kuzhina-profesionale-e-te-rinjve-teknologji-te-reja-per-biznes-social\\\/#primaryimage\"},\"thumbnailUrl\":\"https:\\\/\\\/arno.org.mk\\\/wp-content\\\/uploads\\\/2020\\\/10\\\/Arno_Projects_Thumbnail_600x600_coolinari.jpg\",\"datePublished\":\"2020-09-16T20:55:30+00:00\",\"dateModified\":\"2020-11-24T22:04:48+00:00\",\"author\":{\"@id\":\"https:\\\/\\\/arno.org.mk\\\/sq\\\/#\\\/schema\\\/person\\\/93ae20d101ff897fd05d587bb33beb0d\"},\"breadcrumb\":{\"@id\":\"https:\\\/\\\/arno.org.mk\\\/sq\\\/projekte\\\/kuzhina-profesionale-e-te-rinjve-teknologji-te-reja-per-biznes-social\\\/#breadcrumb\"},\"inLanguage\":\"sq-AL\",\"potentialAction\":[{\"@type\":\"ReadAction\",\"target\":[\"https:\\\/\\\/arno.org.mk\\\/sq\\\/projekte\\\/kuzhina-profesionale-e-te-rinjve-teknologji-te-reja-per-biznes-social\\\/\"]}]},{\"@type\":\"ImageObject\",\"inLanguage\":\"sq-AL\",\"@id\":\"https:\\\/\\\/arno.org.mk\\\/sq\\\/projekte\\\/kuzhina-profesionale-e-te-rinjve-teknologji-te-reja-per-biznes-social\\\/#primaryimage\",\"url\":\"https:\\\/\\\/arno.org.mk\\\/wp-content\\\/uploads\\\/2020\\\/10\\\/Arno_Projects_Thumbnail_600x600_coolinari.jpg\",\"contentUrl\":\"https:\\\/\\\/arno.org.mk\\\/wp-content\\\/uploads\\\/2020\\\/10\\\/Arno_Projects_Thumbnail_600x600_coolinari.jpg\",\"width\":600,\"height\":600},{\"@type\":\"BreadcrumbList\",\"@id\":\"https:\\\/\\\/arno.org.mk\\\/sq\\\/projekte\\\/kuzhina-profesionale-e-te-rinjve-teknologji-te-reja-per-biznes-social\\\/#breadcrumb\",\"itemListElement\":[{\"@type\":\"ListItem\",\"position\":1,\"name\":\"Faqja kryesore\",\"item\":\"https:\\\/\\\/arno.org.mk\\\/sq\\\/\"},{\"@type\":\"ListItem\",\"position\":2,\"name\":\"Kuzhina profesionale e t\u00eb rinjve \u2013 Teknologji t\u00eb reja p\u00ebr biznes social\"}]},{\"@type\":\"WebSite\",\"@id\":\"https:\\\/\\\/arno.org.mk\\\/sq\\\/#website\",\"url\":\"https:\\\/\\\/arno.org.mk\\\/sq\\\/\",\"name\":\"ARNO\",\"description\":\"We are ARNO and we do good!\",\"potentialAction\":[{\"@type\":\"SearchAction\",\"target\":{\"@type\":\"EntryPoint\",\"urlTemplate\":\"https:\\\/\\\/arno.org.mk\\\/sq\\\/?s={search_term_string}\"},\"query-input\":{\"@type\":\"PropertyValueSpecification\",\"valueRequired\":true,\"valueName\":\"search_term_string\"}}],\"inLanguage\":\"sq-AL\"},{\"@type\":\"Person\",\"@id\":\"https:\\\/\\\/arno.org.mk\\\/sq\\\/#\\\/schema\\\/person\\\/93ae20d101ff897fd05d587bb33beb0d\",\"name\":\"arnoadmin\",\"image\":{\"@type\":\"ImageObject\",\"inLanguage\":\"sq-AL\",\"@id\":\"https:\\\/\\\/secure.gravatar.com\\\/avatar\\\/5eb0d14c31a4fe20a658b7f13e70bb654523c6ede1d439137702562d92f84d50?s=96&d=mm&r=g\",\"url\":\"https:\\\/\\\/secure.gravatar.com\\\/avatar\\\/5eb0d14c31a4fe20a658b7f13e70bb654523c6ede1d439137702562d92f84d50?s=96&d=mm&r=g\",\"contentUrl\":\"https:\\\/\\\/secure.gravatar.com\\\/avatar\\\/5eb0d14c31a4fe20a658b7f13e70bb654523c6ede1d439137702562d92f84d50?s=96&d=mm&r=g\",\"caption\":\"arnoadmin\"},\"sameAs\":[\"https:\\\/\\\/arnotemp.zeleniidei.mk\"],\"url\":\"https:\\\/\\\/arno.org.mk\\\/sq\\\/author\\\/arnoadmin\\\/\"}]}<\/script>\n<!-- \/ Yoast SEO plugin. -->","yoast_head_json":{"title":"Kuzhina profesionale e t\u00eb rinjve \u2013 Teknologji t\u00eb reja p\u00ebr biznes social - ARNO","robots":{"index":"index","follow":"follow","max-snippet":"max-snippet:-1","max-image-preview":"max-image-preview:large","max-video-preview":"max-video-preview:-1"},"canonical":"https:\/\/arno.org.mk\/sq\/projekte\/kuzhina-profesionale-e-te-rinjve-teknologji-te-reja-per-biznes-social\/","og_locale":"sq_AL","og_type":"article","og_title":"Kuzhina profesionale e t\u00eb rinjve \u2013 Teknologji t\u00eb reja p\u00ebr biznes social - ARNO","og_description":"Kuzhina profesionale e t\u00eb rinjve Frym\u00ebzimi i ARNO-s p\u00ebr k\u00ebt\u00eb projekt, ishte k\u00ebrkesa e lart\u00eb e kuzhinier\u00ebve si dhe reputacioni i ul\u00ebt p\u00ebr nx\u00ebn\u00ebsit e... [...]Read More...","og_url":"https:\/\/arno.org.mk\/sq\/projekte\/kuzhina-profesionale-e-te-rinjve-teknologji-te-reja-per-biznes-social\/","og_site_name":"ARNO","article_publisher":"https:\/\/www.facebook.com\/ARNO.Social.Innovation","article_published_time":"2020-09-16T20:55:30+00:00","article_modified_time":"2020-11-24T22:04:48+00:00","og_image":[{"width":600,"height":600,"url":"https:\/\/arno.org.mk\/wp-content\/uploads\/2020\/10\/Arno_Projects_Thumbnail_600x600_coolinari.jpg","type":"image\/jpeg"}],"author":"arnoadmin","twitter_card":"summary_large_image","twitter_creator":"@ARNO_mkd","twitter_site":"@ARNO_mkd","twitter_misc":{"Written by":"arnoadmin","Est. reading time":"2 minutes"},"schema":{"@context":"https:\/\/schema.org","@graph":[{"@type":"Article","@id":"https:\/\/arno.org.mk\/sq\/projekte\/kuzhina-profesionale-e-te-rinjve-teknologji-te-reja-per-biznes-social\/#article","isPartOf":{"@id":"https:\/\/arno.org.mk\/sq\/projekte\/kuzhina-profesionale-e-te-rinjve-teknologji-te-reja-per-biznes-social\/"},"author":{"name":"arnoadmin","@id":"https:\/\/arno.org.mk\/sq\/#\/schema\/person\/93ae20d101ff897fd05d587bb33beb0d"},"headline":"Kuzhina profesionale e t\u00eb rinjve \u2013 Teknologji t\u00eb reja p\u00ebr biznes social","datePublished":"2020-09-16T20:55:30+00:00","dateModified":"2020-11-24T22:04:48+00:00","mainEntityOfPage":{"@id":"https:\/\/arno.org.mk\/sq\/projekte\/kuzhina-profesionale-e-te-rinjve-teknologji-te-reja-per-biznes-social\/"},"wordCount":475,"commentCount":0,"image":{"@id":"https:\/\/arno.org.mk\/sq\/projekte\/kuzhina-profesionale-e-te-rinjve-teknologji-te-reja-per-biznes-social\/#primaryimage"},"thumbnailUrl":"https:\/\/arno.org.mk\/wp-content\/uploads\/2020\/10\/Arno_Projects_Thumbnail_600x600_coolinari.jpg","articleSection":["Programi p\u00ebr Zhvillimi t\u00eb Q\u00ebndruesh\u00ebm","Projekte"],"inLanguage":"sq-AL","potentialAction":[{"@type":"CommentAction","name":"Comment","target":["https:\/\/arno.org.mk\/sq\/projekte\/kuzhina-profesionale-e-te-rinjve-teknologji-te-reja-per-biznes-social\/#respond"]}]},{"@type":"WebPage","@id":"https:\/\/arno.org.mk\/sq\/projekte\/kuzhina-profesionale-e-te-rinjve-teknologji-te-reja-per-biznes-social\/","url":"https:\/\/arno.org.mk\/sq\/projekte\/kuzhina-profesionale-e-te-rinjve-teknologji-te-reja-per-biznes-social\/","name":"Kuzhina profesionale e t\u00eb rinjve \u2013 Teknologji t\u00eb reja p\u00ebr biznes social - ARNO","isPartOf":{"@id":"https:\/\/arno.org.mk\/sq\/#website"},"primaryImageOfPage":{"@id":"https:\/\/arno.org.mk\/sq\/projekte\/kuzhina-profesionale-e-te-rinjve-teknologji-te-reja-per-biznes-social\/#primaryimage"},"image":{"@id":"https:\/\/arno.org.mk\/sq\/projekte\/kuzhina-profesionale-e-te-rinjve-teknologji-te-reja-per-biznes-social\/#primaryimage"},"thumbnailUrl":"https:\/\/arno.org.mk\/wp-content\/uploads\/2020\/10\/Arno_Projects_Thumbnail_600x600_coolinari.jpg","datePublished":"2020-09-16T20:55:30+00:00","dateModified":"2020-11-24T22:04:48+00:00","author":{"@id":"https:\/\/arno.org.mk\/sq\/#\/schema\/person\/93ae20d101ff897fd05d587bb33beb0d"},"breadcrumb":{"@id":"https:\/\/arno.org.mk\/sq\/projekte\/kuzhina-profesionale-e-te-rinjve-teknologji-te-reja-per-biznes-social\/#breadcrumb"},"inLanguage":"sq-AL","potentialAction":[{"@type":"ReadAction","target":["https:\/\/arno.org.mk\/sq\/projekte\/kuzhina-profesionale-e-te-rinjve-teknologji-te-reja-per-biznes-social\/"]}]},{"@type":"ImageObject","inLanguage":"sq-AL","@id":"https:\/\/arno.org.mk\/sq\/projekte\/kuzhina-profesionale-e-te-rinjve-teknologji-te-reja-per-biznes-social\/#primaryimage","url":"https:\/\/arno.org.mk\/wp-content\/uploads\/2020\/10\/Arno_Projects_Thumbnail_600x600_coolinari.jpg","contentUrl":"https:\/\/arno.org.mk\/wp-content\/uploads\/2020\/10\/Arno_Projects_Thumbnail_600x600_coolinari.jpg","width":600,"height":600},{"@type":"BreadcrumbList","@id":"https:\/\/arno.org.mk\/sq\/projekte\/kuzhina-profesionale-e-te-rinjve-teknologji-te-reja-per-biznes-social\/#breadcrumb","itemListElement":[{"@type":"ListItem","position":1,"name":"Faqja kryesore","item":"https:\/\/arno.org.mk\/sq\/"},{"@type":"ListItem","position":2,"name":"Kuzhina profesionale e t\u00eb rinjve \u2013 Teknologji t\u00eb reja p\u00ebr biznes social"}]},{"@type":"WebSite","@id":"https:\/\/arno.org.mk\/sq\/#website","url":"https:\/\/arno.org.mk\/sq\/","name":"ARNO","description":"We are ARNO and we do good!","potentialAction":[{"@type":"SearchAction","target":{"@type":"EntryPoint","urlTemplate":"https:\/\/arno.org.mk\/sq\/?s={search_term_string}"},"query-input":{"@type":"PropertyValueSpecification","valueRequired":true,"valueName":"search_term_string"}}],"inLanguage":"sq-AL"},{"@type":"Person","@id":"https:\/\/arno.org.mk\/sq\/#\/schema\/person\/93ae20d101ff897fd05d587bb33beb0d","name":"arnoadmin","image":{"@type":"ImageObject","inLanguage":"sq-AL","@id":"https:\/\/secure.gravatar.com\/avatar\/5eb0d14c31a4fe20a658b7f13e70bb654523c6ede1d439137702562d92f84d50?s=96&d=mm&r=g","url":"https:\/\/secure.gravatar.com\/avatar\/5eb0d14c31a4fe20a658b7f13e70bb654523c6ede1d439137702562d92f84d50?s=96&d=mm&r=g","contentUrl":"https:\/\/secure.gravatar.com\/avatar\/5eb0d14c31a4fe20a658b7f13e70bb654523c6ede1d439137702562d92f84d50?s=96&d=mm&r=g","caption":"arnoadmin"},"sameAs":["https:\/\/arnotemp.zeleniidei.mk"],"url":"https:\/\/arno.org.mk\/sq\/author\/arnoadmin\/"}]}},"_links":{"self":[{"href":"https:\/\/arno.org.mk\/sq\/wp-json\/wp\/v2\/posts\/661","targetHints":{"allow":["GET"]}}],"collection":[{"href":"https:\/\/arno.org.mk\/sq\/wp-json\/wp\/v2\/posts"}],"about":[{"href":"https:\/\/arno.org.mk\/sq\/wp-json\/wp\/v2\/types\/post"}],"author":[{"embeddable":true,"href":"https:\/\/arno.org.mk\/sq\/wp-json\/wp\/v2\/users\/1"}],"replies":[{"embeddable":true,"href":"https:\/\/arno.org.mk\/sq\/wp-json\/wp\/v2\/comments?post=661"}],"version-history":[{"count":0,"href":"https:\/\/arno.org.mk\/sq\/wp-json\/wp\/v2\/posts\/661\/revisions"}],"wp:featuredmedia":[{"embeddable":true,"href":"https:\/\/arno.org.mk\/sq\/wp-json\/wp\/v2\/media\/550"}],"wp:attachment":[{"href":"https:\/\/arno.org.mk\/sq\/wp-json\/wp\/v2\/media?parent=661"}],"wp:term":[{"taxonomy":"category","embeddable":true,"href":"https:\/\/arno.org.mk\/sq\/wp-json\/wp\/v2\/categories?post=661"},{"taxonomy":"post_tag","embeddable":true,"href":"https:\/\/arno.org.mk\/sq\/wp-json\/wp\/v2\/tags?post=661"}],"curies":[{"name":"wp","href":"https:\/\/api.w.org\/{rel}","templated":true}]}}