{"id":5586,"date":"2023-01-26T13:52:06","date_gmt":"2023-01-26T13:52:06","guid":{"rendered":"https:\/\/arno.org.mk\/uncategorized-sq\/inkubatori-rajonal-per-sipermarresit-sociale-rise-rise-2\/"},"modified":"2023-01-26T14:10:50","modified_gmt":"2023-01-26T14:10:50","slug":"inkubatori-rajonal-per-sipermarresit-sociale-rise-rise-2","status":"publish","type":"post","link":"https:\/\/arno.org.mk\/sq\/projekte\/inkubatori-rajonal-per-sipermarresit-sociale-rise-rise-2\/","title":{"rendered":"Inkubatori rajonal p\u00ebr sip\u00ebrmarr\u00ebsit social\u00eb &#8211; RISE 2"},"content":{"rendered":"<p><span style=\"font-weight: 400;\">RISE II \u00ebsht\u00eb nj\u00eb vazhdim\u00ebsi e &#8220;projektit WB6 Lab&#8221;\/ RISE I (2019) q\u00eb synon t\u00eb hap\u00eb hap\u00ebsira t\u00eb reja p\u00ebr pajtimin p\u00ebr t\u00eb rinjt\u00eb nga Ballkani Per\u00ebndimor p\u00ebrmes sip\u00ebrmarrjes sociale. Projekti fuqizon t\u00eb rinjt\u00eb q\u00eb t\u00eb b\u00ebhen aktor\u00eb t\u00eb ndryshimit brenda komunitetit(eve) t\u00eb tyre duke zhvilluar zgjidhje me ndikim social dhe mjedisor. Si nj\u00eb komunitet i gjall\u00eb i novator\u00ebve dhe lider\u00ebve t\u00eb rinj social\u00eb n\u00eb rajon, RISE krijon ndryshime pozitive, ushqen vlera t\u00eb mira dhe b\u00ebn mir\u00eb n\u00eb komunitet. RISE gjithashtu forcon kapacitetet e gjasht\u00eb inkubator\u00ebve lokal\u00eb, duke nd\u00ebrtuar njohurit\u00eb, aft\u00ebsit\u00eb dhe njohjen e tyre n\u00eb ekosistemet e tyre p\u00ebrkat\u00ebse dhe n\u00eb rajonin e Ballkanit Per\u00ebndimor. N\u00ebp\u00ebrmjet aktiviteteve rajonale, projekti gjithashtu kontribuon n\u00eb promovimin e sip\u00ebrmarrjes sociale n\u00eb BP si nj\u00eb mjet p\u00ebr p\u00ebrfshirjen ekonomike, nd\u00ebrtimin e paqes dhe forcimin e lidhjeve sociale brenda dhe nd\u00ebrmjet vendeve.<br \/>\n<\/span><span style=\"font-weight: 400;\">Objektivat:<\/span><\/p>\n<ul>\n<li style=\"font-weight: 400;\" aria-level=\"1\"><span style=\"font-weight: 400;\">T\u00eb kontribuoj\u00eb n\u00eb zhvillimin e ekosistemit t\u00eb sip\u00ebrmarrjes sociale n\u00eb Ballkanin Per\u00ebndimor n\u00ebp\u00ebrmjet inkubator\u00ebve lokal\u00eb n\u00eb secilin prej vendeve t\u00eb Ballkanit Per\u00ebndimor;<\/span><\/li>\n<li style=\"font-weight: 400;\" aria-level=\"1\"><span style=\"font-weight: 400;\">P\u00ebrmir\u00ebsimi i aksesit n\u00eb sip\u00ebrmarrjen sociale p\u00ebr t\u00eb rinjt\u00eb n\u00eb rajonin e Ballkanit Per\u00ebndimor duke u ofruar atyre programe dhe grante rajonale t\u00eb ideimit dhe inkubacionit p\u00ebr t\u00eb filluar sip\u00ebrmarrjet e tyre sociale<\/span><\/li>\n<li style=\"font-weight: 400;\" aria-level=\"1\"><span style=\"font-weight: 400;\">T\u00eb rris\u00eb nd\u00ebrgjegj\u00ebsimin p\u00ebr sip\u00ebrmarrjen sociale n\u00eb rajonin e Ballkanit Per\u00ebndimor dhe ndjeshm\u00ebrin\u00eb e publikut t\u00eb gjer\u00eb, t\u00eb rinjve dhe politik\u00ebb\u00ebr\u00ebsve t\u00eb ekonomis\u00eb sociale;<\/span><\/li>\n<li style=\"font-weight: 400;\" aria-level=\"1\"><span style=\"font-weight: 400;\">P\u00ebrmir\u00ebsimi i bashk\u00ebpunimit rajonal dhe shk\u00ebmbimi nd\u00ebrkulturor midis t\u00eb rinjve n\u00eb rajonin e Ballkanit Per\u00ebndimor dhe kontributi n\u00eb procesin e pajtimit dhe nd\u00ebrtimit t\u00eb paqes<\/span><\/li>\n<li style=\"font-weight: 400;\" aria-level=\"1\"><span style=\"font-weight: 400;\">Leht\u00ebsimi i shk\u00ebmbimit t\u00eb njohurive dhe p\u00ebrvojave dhe forcimi i bashk\u00ebpunimit n\u00eb fush\u00ebn e sip\u00ebrmarrjes sociale nd\u00ebrmjet aktor\u00ebve kryesor\u00eb n\u00eb nivelin e Bashkimit Evropian dhe Ballkanit Per\u00ebndimor<\/span><\/li>\n<\/ul>\n<p><b>Pikat kryesore t\u00eb projektit: <\/b><span style=\"font-weight: 400;\">Programi i ideimit dhe inkubacionit; l\u00ebvizshm\u00ebria rajonale; grante p\u00ebr themelimin e nd\u00ebrmarrjeve sociale; shk\u00ebmbim nd\u00ebrkulturor dhe njohuri; mentorimi; kampe regjionale; \u00e7mimet e t\u00eb diplomuarve; komuniteti i t\u00eb diplomuarve; udh\u00ebtime studimore; shk\u00ebmbimi i njohurive dhe p\u00ebrvojave; forumet e politikave rajonale; rekomandimet e politikave; bashk\u00ebpunimin rajonal<\/span><\/p>\n","protected":false},"excerpt":{"rendered":"<p>RISE II \u00ebsht\u00eb nj\u00eb vazhdim\u00ebsi e &#8220;projektit WB6 Lab&#8221;\/ RISE I (2019) q\u00eb synon t\u00eb hap\u00eb hap\u00ebsira t\u00eb reja p\u00ebr pajtimin p\u00ebr t\u00eb rinjt\u00eb nga&#8230; [&#8230;]<\/p>\n<p><a class=\"btn btn-secondary understrap-read-more-link\" href=\"https:\/\/arno.org.mk\/sq\/projekte\/inkubatori-rajonal-per-sipermarresit-sociale-rise-rise-2\/\">Read More&#8230;<\/a><\/p>\n","protected":false},"author":5,"featured_media":5555,"comment_status":"closed","ping_status":"closed","sticky":false,"template":"","format":"standard","meta":{"_acf_changed":false,"footnotes":""},"categories":[38,27],"tags":[],"class_list":["post-5586","post","type-post","status-publish","format-standard","has-post-thumbnail","hentry","category-programi-zhvillimi-te-qendrueshem","category-projekte"],"acf":[],"yoast_head":"<!-- This site is optimized with the Yoast SEO plugin v27.5 - https:\/\/yoast.com\/product\/yoast-seo-wordpress\/ -->\n<title>Inkubatori rajonal p\u00ebr sip\u00ebrmarr\u00ebsit social\u00eb - RISE 2 - ARNO<\/title>\n<meta name=\"robots\" content=\"index, follow, max-snippet:-1, max-image-preview:large, max-video-preview:-1\" \/>\n<link rel=\"canonical\" href=\"https:\/\/arno.org.mk\/sq\/projekte\/inkubatori-rajonal-per-sipermarresit-sociale-rise-rise-2\/\" \/>\n<meta property=\"og:locale\" content=\"sq_AL\" \/>\n<meta property=\"og:type\" content=\"article\" \/>\n<meta property=\"og:title\" content=\"Inkubatori rajonal p\u00ebr sip\u00ebrmarr\u00ebsit social\u00eb - RISE 2 - ARNO\" \/>\n<meta property=\"og:description\" content=\"RISE II \u00ebsht\u00eb nj\u00eb vazhdim\u00ebsi e &#8220;projektit WB6 Lab&#8221;\/ RISE I (2019) q\u00eb synon t\u00eb hap\u00eb hap\u00ebsira t\u00eb reja p\u00ebr pajtimin p\u00ebr t\u00eb rinjt\u00eb nga... [...]Read More...\" \/>\n<meta property=\"og:url\" content=\"https:\/\/arno.org.mk\/sq\/projekte\/inkubatori-rajonal-per-sipermarresit-sociale-rise-rise-2\/\" \/>\n<meta property=\"og:site_name\" content=\"ARNO\" \/>\n<meta property=\"article:publisher\" content=\"https:\/\/www.facebook.com\/ARNO.Social.Innovation\" \/>\n<meta property=\"article:published_time\" content=\"2023-01-26T13:52:06+00:00\" \/>\n<meta property=\"article:modified_time\" content=\"2023-01-26T14:10:50+00:00\" \/>\n<meta property=\"og:image\" content=\"https:\/\/arno.org.mk\/wp-content\/uploads\/2023\/01\/rise-logo.png\" \/>\n\t<meta property=\"og:image:width\" content=\"560\" \/>\n\t<meta property=\"og:image:height\" content=\"560\" \/>\n\t<meta property=\"og:image:type\" content=\"image\/png\" \/>\n<meta name=\"author\" content=\"Simona Slavkova\" \/>\n<meta name=\"twitter:card\" content=\"summary_large_image\" \/>\n<meta name=\"twitter:creator\" content=\"@ARNO_mkd\" \/>\n<meta name=\"twitter:site\" content=\"@ARNO_mkd\" \/>\n<meta name=\"twitter:label1\" content=\"Written by\" \/>\n\t<meta name=\"twitter:data1\" content=\"Simona Slavkova\" \/>\n\t<meta name=\"twitter:label2\" content=\"Est. reading time\" \/>\n\t<meta name=\"twitter:data2\" content=\"2 minutes\" \/>\n<script type=\"application\/ld+json\" class=\"yoast-schema-graph\">{\"@context\":\"https:\\\/\\\/schema.org\",\"@graph\":[{\"@type\":\"Article\",\"@id\":\"https:\\\/\\\/arno.org.mk\\\/sq\\\/projekte\\\/inkubatori-rajonal-per-sipermarresit-sociale-rise-rise-2\\\/#article\",\"isPartOf\":{\"@id\":\"https:\\\/\\\/arno.org.mk\\\/sq\\\/projekte\\\/inkubatori-rajonal-per-sipermarresit-sociale-rise-rise-2\\\/\"},\"author\":{\"name\":\"Simona Slavkova\",\"@id\":\"https:\\\/\\\/arno.org.mk\\\/sq\\\/#\\\/schema\\\/person\\\/e3b9a601758d5ab618e9c4b633b436c3\"},\"headline\":\"Inkubatori rajonal p\u00ebr sip\u00ebrmarr\u00ebsit social\u00eb &#8211; RISE 2\",\"datePublished\":\"2023-01-26T13:52:06+00:00\",\"dateModified\":\"2023-01-26T14:10:50+00:00\",\"mainEntityOfPage\":{\"@id\":\"https:\\\/\\\/arno.org.mk\\\/sq\\\/projekte\\\/inkubatori-rajonal-per-sipermarresit-sociale-rise-rise-2\\\/\"},\"wordCount\":399,\"image\":{\"@id\":\"https:\\\/\\\/arno.org.mk\\\/sq\\\/projekte\\\/inkubatori-rajonal-per-sipermarresit-sociale-rise-rise-2\\\/#primaryimage\"},\"thumbnailUrl\":\"https:\\\/\\\/arno.org.mk\\\/wp-content\\\/uploads\\\/2023\\\/01\\\/rise-logo.png\",\"articleSection\":[\"Programi p\u00ebr Zhvillimi t\u00eb Q\u00ebndruesh\u00ebm\",\"Projekte\"],\"inLanguage\":\"sq-AL\"},{\"@type\":\"WebPage\",\"@id\":\"https:\\\/\\\/arno.org.mk\\\/sq\\\/projekte\\\/inkubatori-rajonal-per-sipermarresit-sociale-rise-rise-2\\\/\",\"url\":\"https:\\\/\\\/arno.org.mk\\\/sq\\\/projekte\\\/inkubatori-rajonal-per-sipermarresit-sociale-rise-rise-2\\\/\",\"name\":\"Inkubatori rajonal p\u00ebr sip\u00ebrmarr\u00ebsit social\u00eb - RISE 2 - ARNO\",\"isPartOf\":{\"@id\":\"https:\\\/\\\/arno.org.mk\\\/sq\\\/#website\"},\"primaryImageOfPage\":{\"@id\":\"https:\\\/\\\/arno.org.mk\\\/sq\\\/projekte\\\/inkubatori-rajonal-per-sipermarresit-sociale-rise-rise-2\\\/#primaryimage\"},\"image\":{\"@id\":\"https:\\\/\\\/arno.org.mk\\\/sq\\\/projekte\\\/inkubatori-rajonal-per-sipermarresit-sociale-rise-rise-2\\\/#primaryimage\"},\"thumbnailUrl\":\"https:\\\/\\\/arno.org.mk\\\/wp-content\\\/uploads\\\/2023\\\/01\\\/rise-logo.png\",\"datePublished\":\"2023-01-26T13:52:06+00:00\",\"dateModified\":\"2023-01-26T14:10:50+00:00\",\"author\":{\"@id\":\"https:\\\/\\\/arno.org.mk\\\/sq\\\/#\\\/schema\\\/person\\\/e3b9a601758d5ab618e9c4b633b436c3\"},\"breadcrumb\":{\"@id\":\"https:\\\/\\\/arno.org.mk\\\/sq\\\/projekte\\\/inkubatori-rajonal-per-sipermarresit-sociale-rise-rise-2\\\/#breadcrumb\"},\"inLanguage\":\"sq-AL\",\"potentialAction\":[{\"@type\":\"ReadAction\",\"target\":[\"https:\\\/\\\/arno.org.mk\\\/sq\\\/projekte\\\/inkubatori-rajonal-per-sipermarresit-sociale-rise-rise-2\\\/\"]}]},{\"@type\":\"ImageObject\",\"inLanguage\":\"sq-AL\",\"@id\":\"https:\\\/\\\/arno.org.mk\\\/sq\\\/projekte\\\/inkubatori-rajonal-per-sipermarresit-sociale-rise-rise-2\\\/#primaryimage\",\"url\":\"https:\\\/\\\/arno.org.mk\\\/wp-content\\\/uploads\\\/2023\\\/01\\\/rise-logo.png\",\"contentUrl\":\"https:\\\/\\\/arno.org.mk\\\/wp-content\\\/uploads\\\/2023\\\/01\\\/rise-logo.png\",\"width\":560,\"height\":560},{\"@type\":\"BreadcrumbList\",\"@id\":\"https:\\\/\\\/arno.org.mk\\\/sq\\\/projekte\\\/inkubatori-rajonal-per-sipermarresit-sociale-rise-rise-2\\\/#breadcrumb\",\"itemListElement\":[{\"@type\":\"ListItem\",\"position\":1,\"name\":\"Faqja kryesore\",\"item\":\"https:\\\/\\\/arno.org.mk\\\/sq\\\/\"},{\"@type\":\"ListItem\",\"position\":2,\"name\":\"Inkubatori rajonal p\u00ebr sip\u00ebrmarr\u00ebsit social\u00eb &#8211; RISE 2\"}]},{\"@type\":\"WebSite\",\"@id\":\"https:\\\/\\\/arno.org.mk\\\/sq\\\/#website\",\"url\":\"https:\\\/\\\/arno.org.mk\\\/sq\\\/\",\"name\":\"ARNO\",\"description\":\"We are ARNO and we do good!\",\"potentialAction\":[{\"@type\":\"SearchAction\",\"target\":{\"@type\":\"EntryPoint\",\"urlTemplate\":\"https:\\\/\\\/arno.org.mk\\\/sq\\\/?s={search_term_string}\"},\"query-input\":{\"@type\":\"PropertyValueSpecification\",\"valueRequired\":true,\"valueName\":\"search_term_string\"}}],\"inLanguage\":\"sq-AL\"},{\"@type\":\"Person\",\"@id\":\"https:\\\/\\\/arno.org.mk\\\/sq\\\/#\\\/schema\\\/person\\\/e3b9a601758d5ab618e9c4b633b436c3\",\"name\":\"Simona Slavkova\",\"image\":{\"@type\":\"ImageObject\",\"inLanguage\":\"sq-AL\",\"@id\":\"https:\\\/\\\/secure.gravatar.com\\\/avatar\\\/3c333a087097376c8de4ed37b5f9fe0650caea9dc9435f18910c5a34441240cf?s=96&d=mm&r=g\",\"url\":\"https:\\\/\\\/secure.gravatar.com\\\/avatar\\\/3c333a087097376c8de4ed37b5f9fe0650caea9dc9435f18910c5a34441240cf?s=96&d=mm&r=g\",\"contentUrl\":\"https:\\\/\\\/secure.gravatar.com\\\/avatar\\\/3c333a087097376c8de4ed37b5f9fe0650caea9dc9435f18910c5a34441240cf?s=96&d=mm&r=g\",\"caption\":\"Simona Slavkova\"},\"url\":\"https:\\\/\\\/arno.org.mk\\\/sq\\\/author\\\/simona\\\/\"}]}<\/script>\n<!-- \/ Yoast SEO plugin. -->","yoast_head_json":{"title":"Inkubatori rajonal p\u00ebr sip\u00ebrmarr\u00ebsit social\u00eb - RISE 2 - ARNO","robots":{"index":"index","follow":"follow","max-snippet":"max-snippet:-1","max-image-preview":"max-image-preview:large","max-video-preview":"max-video-preview:-1"},"canonical":"https:\/\/arno.org.mk\/sq\/projekte\/inkubatori-rajonal-per-sipermarresit-sociale-rise-rise-2\/","og_locale":"sq_AL","og_type":"article","og_title":"Inkubatori rajonal p\u00ebr sip\u00ebrmarr\u00ebsit social\u00eb - RISE 2 - ARNO","og_description":"RISE II \u00ebsht\u00eb nj\u00eb vazhdim\u00ebsi e &#8220;projektit WB6 Lab&#8221;\/ RISE I (2019) q\u00eb synon t\u00eb hap\u00eb hap\u00ebsira t\u00eb reja p\u00ebr pajtimin p\u00ebr t\u00eb rinjt\u00eb nga... [...]Read More...","og_url":"https:\/\/arno.org.mk\/sq\/projekte\/inkubatori-rajonal-per-sipermarresit-sociale-rise-rise-2\/","og_site_name":"ARNO","article_publisher":"https:\/\/www.facebook.com\/ARNO.Social.Innovation","article_published_time":"2023-01-26T13:52:06+00:00","article_modified_time":"2023-01-26T14:10:50+00:00","og_image":[{"width":560,"height":560,"url":"https:\/\/arno.org.mk\/wp-content\/uploads\/2023\/01\/rise-logo.png","type":"image\/png"}],"author":"Simona Slavkova","twitter_card":"summary_large_image","twitter_creator":"@ARNO_mkd","twitter_site":"@ARNO_mkd","twitter_misc":{"Written by":"Simona Slavkova","Est. reading time":"2 minutes"},"schema":{"@context":"https:\/\/schema.org","@graph":[{"@type":"Article","@id":"https:\/\/arno.org.mk\/sq\/projekte\/inkubatori-rajonal-per-sipermarresit-sociale-rise-rise-2\/#article","isPartOf":{"@id":"https:\/\/arno.org.mk\/sq\/projekte\/inkubatori-rajonal-per-sipermarresit-sociale-rise-rise-2\/"},"author":{"name":"Simona Slavkova","@id":"https:\/\/arno.org.mk\/sq\/#\/schema\/person\/e3b9a601758d5ab618e9c4b633b436c3"},"headline":"Inkubatori rajonal p\u00ebr sip\u00ebrmarr\u00ebsit social\u00eb &#8211; RISE 2","datePublished":"2023-01-26T13:52:06+00:00","dateModified":"2023-01-26T14:10:50+00:00","mainEntityOfPage":{"@id":"https:\/\/arno.org.mk\/sq\/projekte\/inkubatori-rajonal-per-sipermarresit-sociale-rise-rise-2\/"},"wordCount":399,"image":{"@id":"https:\/\/arno.org.mk\/sq\/projekte\/inkubatori-rajonal-per-sipermarresit-sociale-rise-rise-2\/#primaryimage"},"thumbnailUrl":"https:\/\/arno.org.mk\/wp-content\/uploads\/2023\/01\/rise-logo.png","articleSection":["Programi p\u00ebr Zhvillimi t\u00eb Q\u00ebndruesh\u00ebm","Projekte"],"inLanguage":"sq-AL"},{"@type":"WebPage","@id":"https:\/\/arno.org.mk\/sq\/projekte\/inkubatori-rajonal-per-sipermarresit-sociale-rise-rise-2\/","url":"https:\/\/arno.org.mk\/sq\/projekte\/inkubatori-rajonal-per-sipermarresit-sociale-rise-rise-2\/","name":"Inkubatori rajonal p\u00ebr sip\u00ebrmarr\u00ebsit social\u00eb - RISE 2 - ARNO","isPartOf":{"@id":"https:\/\/arno.org.mk\/sq\/#website"},"primaryImageOfPage":{"@id":"https:\/\/arno.org.mk\/sq\/projekte\/inkubatori-rajonal-per-sipermarresit-sociale-rise-rise-2\/#primaryimage"},"image":{"@id":"https:\/\/arno.org.mk\/sq\/projekte\/inkubatori-rajonal-per-sipermarresit-sociale-rise-rise-2\/#primaryimage"},"thumbnailUrl":"https:\/\/arno.org.mk\/wp-content\/uploads\/2023\/01\/rise-logo.png","datePublished":"2023-01-26T13:52:06+00:00","dateModified":"2023-01-26T14:10:50+00:00","author":{"@id":"https:\/\/arno.org.mk\/sq\/#\/schema\/person\/e3b9a601758d5ab618e9c4b633b436c3"},"breadcrumb":{"@id":"https:\/\/arno.org.mk\/sq\/projekte\/inkubatori-rajonal-per-sipermarresit-sociale-rise-rise-2\/#breadcrumb"},"inLanguage":"sq-AL","potentialAction":[{"@type":"ReadAction","target":["https:\/\/arno.org.mk\/sq\/projekte\/inkubatori-rajonal-per-sipermarresit-sociale-rise-rise-2\/"]}]},{"@type":"ImageObject","inLanguage":"sq-AL","@id":"https:\/\/arno.org.mk\/sq\/projekte\/inkubatori-rajonal-per-sipermarresit-sociale-rise-rise-2\/#primaryimage","url":"https:\/\/arno.org.mk\/wp-content\/uploads\/2023\/01\/rise-logo.png","contentUrl":"https:\/\/arno.org.mk\/wp-content\/uploads\/2023\/01\/rise-logo.png","width":560,"height":560},{"@type":"BreadcrumbList","@id":"https:\/\/arno.org.mk\/sq\/projekte\/inkubatori-rajonal-per-sipermarresit-sociale-rise-rise-2\/#breadcrumb","itemListElement":[{"@type":"ListItem","position":1,"name":"Faqja kryesore","item":"https:\/\/arno.org.mk\/sq\/"},{"@type":"ListItem","position":2,"name":"Inkubatori rajonal p\u00ebr sip\u00ebrmarr\u00ebsit social\u00eb &#8211; RISE 2"}]},{"@type":"WebSite","@id":"https:\/\/arno.org.mk\/sq\/#website","url":"https:\/\/arno.org.mk\/sq\/","name":"ARNO","description":"We are ARNO and we do good!","potentialAction":[{"@type":"SearchAction","target":{"@type":"EntryPoint","urlTemplate":"https:\/\/arno.org.mk\/sq\/?s={search_term_string}"},"query-input":{"@type":"PropertyValueSpecification","valueRequired":true,"valueName":"search_term_string"}}],"inLanguage":"sq-AL"},{"@type":"Person","@id":"https:\/\/arno.org.mk\/sq\/#\/schema\/person\/e3b9a601758d5ab618e9c4b633b436c3","name":"Simona Slavkova","image":{"@type":"ImageObject","inLanguage":"sq-AL","@id":"https:\/\/secure.gravatar.com\/avatar\/3c333a087097376c8de4ed37b5f9fe0650caea9dc9435f18910c5a34441240cf?s=96&d=mm&r=g","url":"https:\/\/secure.gravatar.com\/avatar\/3c333a087097376c8de4ed37b5f9fe0650caea9dc9435f18910c5a34441240cf?s=96&d=mm&r=g","contentUrl":"https:\/\/secure.gravatar.com\/avatar\/3c333a087097376c8de4ed37b5f9fe0650caea9dc9435f18910c5a34441240cf?s=96&d=mm&r=g","caption":"Simona Slavkova"},"url":"https:\/\/arno.org.mk\/sq\/author\/simona\/"}]}},"_links":{"self":[{"href":"https:\/\/arno.org.mk\/sq\/wp-json\/wp\/v2\/posts\/5586","targetHints":{"allow":["GET"]}}],"collection":[{"href":"https:\/\/arno.org.mk\/sq\/wp-json\/wp\/v2\/posts"}],"about":[{"href":"https:\/\/arno.org.mk\/sq\/wp-json\/wp\/v2\/types\/post"}],"author":[{"embeddable":true,"href":"https:\/\/arno.org.mk\/sq\/wp-json\/wp\/v2\/users\/5"}],"replies":[{"embeddable":true,"href":"https:\/\/arno.org.mk\/sq\/wp-json\/wp\/v2\/comments?post=5586"}],"version-history":[{"count":3,"href":"https:\/\/arno.org.mk\/sq\/wp-json\/wp\/v2\/posts\/5586\/revisions"}],"predecessor-version":[{"id":5587,"href":"https:\/\/arno.org.mk\/sq\/wp-json\/wp\/v2\/posts\/5586\/revisions\/5587"}],"wp:featuredmedia":[{"embeddable":true,"href":"https:\/\/arno.org.mk\/sq\/wp-json\/wp\/v2\/media\/5555"}],"wp:attachment":[{"href":"https:\/\/arno.org.mk\/sq\/wp-json\/wp\/v2\/media?parent=5586"}],"wp:term":[{"taxonomy":"category","embeddable":true,"href":"https:\/\/arno.org.mk\/sq\/wp-json\/wp\/v2\/categories?post=5586"},{"taxonomy":"post_tag","embeddable":true,"href":"https:\/\/arno.org.mk\/sq\/wp-json\/wp\/v2\/tags?post=5586"}],"curies":[{"name":"wp","href":"https:\/\/api.w.org\/{rel}","templated":true}]}}