{"id":5304,"date":"2022-12-13T09:54:38","date_gmt":"2022-12-13T09:54:38","guid":{"rendered":"https:\/\/arno.org.mk\/uncategorized-sq\/s-t-r-e-t-2-veglat-e-mesuesve-2\/"},"modified":"2022-12-13T09:54:38","modified_gmt":"2022-12-13T09:54:38","slug":"s-t-r-e-t-2-veglat-e-mesuesve-2","status":"publish","type":"post","link":"https:\/\/arno.org.mk\/sq\/projekte\/s-t-r-e-t-2-veglat-e-mesuesve-2\/","title":{"rendered":"S.T.R.E.T.2 -Veglat e m\u00ebsuesve 2"},"content":{"rendered":"<table>\n<tbody>\n<tr>\n<td>STRET TT 2 \u00ebsht\u00eb edicioni i dyt\u00eb i projektit <a href=\"https:\/\/arno.org.mk\/sq\/projekte\/stret-veglat-e-mesuesve\/\">&#8220;Student\u00eb sot sip\u00ebrmarr\u00ebs t\u00eb p\u00ebrgjegjsh\u00ebm nes\u00ebr &#8211; Veglat e m\u00ebsuesve&#8221;<\/a> , I cili synon t\u00eb rris\u00eb dhe vler\u00ebsoj\u00eb kompetencat kryesore t\u00eb m\u00ebsuesve, \u00a0duke krijuar udh\u00ebzime t\u00eb korniz\u00ebs s\u00eb kompetencave dhe duke ndihmuar n\u00eb zhvillimin e tyre t\u00eb m\u00ebtejsh\u00ebm dhe p\u00ebrmir\u00ebsimin e programeve arsimore p\u00ebr sip\u00ebrmarrjen dhe praktikat n\u00eb shkolla.<\/p>\n<p>Projekti p\u00ebrfshin gjithashtu mjete dixhitale dhe m\u00ebsimin dixhital t\u00eb m\u00ebsuesve dhe student\u00ebve me p\u00ebrdorimin e SELFIE dhe Dig.Comp.Edu, dhe mjete dhe platforma t\u00eb tjera nd\u00ebrvepruese dixhitale (t\u00eb tilla si slack, g-drive, padlet, canva, we video, voice thread, mentimeter, answer garden, blogger etj.) n\u00eb vler\u00ebsimin reflektues dhe vet\u00ebvler\u00ebsimin e nx\u00ebn\u00ebsve. STRET TT 2, gjithashtu do t\u00eb rris\u00eb kompetencat ky\u00e7e t\u00eb m\u00ebsuesve, \u00a0duke krijuar kurrikulat inovative p\u00ebr edukimin mbi sip\u00ebrmarrjen bazuar n\u00eb konceptet e Sip\u00ebrmarrjes Sociale (SS), P\u00ebrgjegj\u00ebsis\u00eb Sociale t\u00eb Korporat\u00ebs (PSK) dhe Filantropis\u00eb, duke rritur k\u00ebshtu kapacitetet e tyre n\u00eb m\u00ebsimdh\u00ebnie p\u00ebr menaxhimin e shkall\u00ebs s\u00eb vog\u00ebl, idet\u00eb e biznesit, kompanit\u00eb e student\u00ebve, duke dh\u00ebn\u00eb ndikim social dhe duke promovuar vlerat e ekonomis\u00eb sociale dhe filantropis\u00eb.<\/p>\n<p>Objektivat:<\/p>\n<p>1. Krijimi i nj\u00eb konsorciumi shkollash dhe OJQ-sh nga BE-ja dhe BP-ja q\u00eb do t\u00eb jet\u00eb pioniere e kurrikulave t\u00eb reja arsimore p\u00ebr sip\u00ebrmarrjen e NS-s\u00eb, PSK-s\u00eb dhe Filantropis\u00eb dhe do t\u00eb leht\u00ebsoj\u00eb transferimin nd\u00ebr-kurrikular dhe nd\u00ebr-sektorial t\u00eb njohurive, aft\u00ebsive dhe p\u00ebrvoj\u00ebs nd\u00ebrmjet stafit m\u00ebsimdh\u00ebn\u00ebs, edukator\u00ebve dhe shkollat<\/p>\n<p>2. Krijimi i nj\u00eb udh\u00ebzuesi inovativ t\u00eb korniz\u00ebs s\u00eb kompetencave p\u00ebr m\u00ebsuesit, p\u00ebr t\u00eb vler\u00ebsuar dhe v\u00ebrtetuar kompetencat kryesore dhe p\u00ebr t\u00eb p\u00ebrmir\u00ebsuar programin arsimor n\u00eb shkollat e p\u00ebrfshira<\/p>\n<p>3. Pajisja e stafit m\u00ebsimdh\u00ebn\u00ebs me aft\u00ebsi t\u00eb reja dixhitale dhe mjete dixhitale p\u00ebr t\u00eb m\u00ebsuarit reflektues t\u00eb student\u00ebve, rritja e nd\u00ebrgjegj\u00ebsimit dhe inkurajimi I p\u00ebrdorimit t\u00eb \u00a0platformave t\u00eb BE-s\u00eb p\u00ebr edukator\u00ebt SELFIE dhe Dig.Comp.Edu, dhe mjete t\u00eb tjera dixhitale miq\u00ebsore p\u00ebr t\u00eb rinjt\u00eb, dhe shp\u00ebrndarja e \u00a0rezultateve p\u00ebrmes platform\u00ebs SEG dhe eTwinning<\/p>\n<p>4. Krijimi dhe zbatimi i \u00a0SE-s\u00eb, PSK-s\u00eb dhe Filantropis\u00eb n\u00eb kurrikulat e shkollave t\u00eb mesme dhe pajisja e student\u00ebve me njohuri t\u00ebrheq\u00ebse, aft\u00ebsi jet\u00ebsore, ndjeshm\u00ebri dhe vlera solidariteti, si dhe promovimi I k\u00ebtyre koncepteve arsimore t\u00eb orientuara nga ndikimi, \u00a0si nj\u00eb instrument p\u00ebr krijimin e nj\u00eb shoq\u00ebrie m\u00eb shum\u00eb p\u00ebrfshir\u00ebse mes kriz\u00ebs me Covid-19 dhe sfidave t\u00eb tjera globale<\/p>\n<table>\n<tbody>\n<tr>\n<td><strong>Pikat kryesore t\u00eb projektit: <\/strong>Kurrikula p\u00ebr sip\u00ebrmarrjen me koncepte t\u00eb mish\u00ebruara t\u00eb sip\u00ebrmarrjes sociale, p\u00ebrgjegj\u00ebsis\u00eb sociale t\u00eb korporat\u00ebs dhe filantropis\u00eb; Korniza e kompetencave udh\u00ebzues p\u00ebr m\u00ebsuesit e sip\u00ebrmarrjes; Udh\u00ebzues p\u00ebr mjetet dixhitale p\u00ebr m\u00ebsuesit p\u00ebr t\u00eb nx\u00ebnit reflektues t\u00eb nx\u00ebn\u00ebsve; Hije pune; Trajnime m\u00ebsues-me-m\u00ebsues; Shfryt\u00ebzimi i platform\u00ebs s\u00eb BE-s\u00eb p\u00ebr edukator\u00ebt dhe p\u00ebrhapja: SELFIE dhe Dig.Comp.Edu, School Education Gateway (SEG) dhe eTwinning.<\/td>\n<\/tr>\n<\/tbody>\n<\/table>\n<\/td>\n<\/tr>\n<\/tbody>\n<\/table>\n","protected":false},"excerpt":{"rendered":"<p>STRET TT 2 \u00ebsht\u00eb edicioni i dyt\u00eb i projektit &#8220;Student\u00eb sot sip\u00ebrmarr\u00ebs t\u00eb p\u00ebrgjegjsh\u00ebm nes\u00ebr &#8211; Veglat e m\u00ebsuesve&#8221; , I cili synon t\u00eb rris\u00eb&#8230; [&#8230;]<\/p>\n<p><a class=\"btn btn-secondary understrap-read-more-link\" href=\"https:\/\/arno.org.mk\/sq\/projekte\/s-t-r-e-t-2-veglat-e-mesuesve-2\/\">Read More&#8230;<\/a><\/p>\n","protected":false},"author":5,"featured_media":5279,"comment_status":"closed","ping_status":"closed","sticky":false,"template":"","format":"standard","meta":{"_acf_changed":false,"footnotes":""},"categories":[36,27],"tags":[],"class_list":["post-5304","post","type-post","status-publish","format-standard","has-post-thumbnail","hentry","category-projekte-filantropia","category-projekte"],"acf":[],"yoast_head":"<!-- This site is optimized with the Yoast SEO plugin v27.5 - https:\/\/yoast.com\/product\/yoast-seo-wordpress\/ -->\n<title>S.T.R.E.T.2 -Veglat e m\u00ebsuesve 2 - ARNO<\/title>\n<meta name=\"robots\" content=\"index, follow, max-snippet:-1, max-image-preview:large, max-video-preview:-1\" \/>\n<link rel=\"canonical\" href=\"https:\/\/arno.org.mk\/sq\/projekte\/s-t-r-e-t-2-veglat-e-mesuesve-2\/\" \/>\n<meta property=\"og:locale\" content=\"sq_AL\" \/>\n<meta property=\"og:type\" content=\"article\" \/>\n<meta property=\"og:title\" content=\"S.T.R.E.T.2 -Veglat e m\u00ebsuesve 2 - ARNO\" \/>\n<meta property=\"og:description\" content=\"STRET TT 2 \u00ebsht\u00eb edicioni i dyt\u00eb i projektit &#8220;Student\u00eb sot sip\u00ebrmarr\u00ebs t\u00eb p\u00ebrgjegjsh\u00ebm nes\u00ebr &#8211; Veglat e m\u00ebsuesve&#8221; , I cili synon t\u00eb rris\u00eb... [...]Read More...\" \/>\n<meta property=\"og:url\" content=\"https:\/\/arno.org.mk\/sq\/projekte\/s-t-r-e-t-2-veglat-e-mesuesve-2\/\" \/>\n<meta property=\"og:site_name\" content=\"ARNO\" \/>\n<meta property=\"article:publisher\" content=\"https:\/\/www.facebook.com\/ARNO.Social.Innovation\" \/>\n<meta property=\"article:published_time\" content=\"2022-12-13T09:54:38+00:00\" \/>\n<meta property=\"og:image\" content=\"https:\/\/arno.org.mk\/wp-content\/uploads\/2022\/12\/street-TT2.png\" \/>\n\t<meta property=\"og:image:width\" content=\"400\" \/>\n\t<meta property=\"og:image:height\" content=\"400\" \/>\n\t<meta property=\"og:image:type\" content=\"image\/png\" \/>\n<meta name=\"author\" content=\"Simona Slavkova\" \/>\n<meta name=\"twitter:card\" content=\"summary_large_image\" \/>\n<meta name=\"twitter:creator\" content=\"@ARNO_mkd\" \/>\n<meta name=\"twitter:site\" content=\"@ARNO_mkd\" \/>\n<meta name=\"twitter:label1\" content=\"Written by\" \/>\n\t<meta name=\"twitter:data1\" content=\"Simona Slavkova\" \/>\n\t<meta name=\"twitter:label2\" content=\"Est. reading time\" \/>\n\t<meta name=\"twitter:data2\" content=\"3 minutes\" \/>\n<script type=\"application\/ld+json\" class=\"yoast-schema-graph\">{\"@context\":\"https:\\\/\\\/schema.org\",\"@graph\":[{\"@type\":\"Article\",\"@id\":\"https:\\\/\\\/arno.org.mk\\\/sq\\\/projekte\\\/s-t-r-e-t-2-veglat-e-mesuesve-2\\\/#article\",\"isPartOf\":{\"@id\":\"https:\\\/\\\/arno.org.mk\\\/sq\\\/projekte\\\/s-t-r-e-t-2-veglat-e-mesuesve-2\\\/\"},\"author\":{\"name\":\"Simona Slavkova\",\"@id\":\"https:\\\/\\\/arno.org.mk\\\/sq\\\/#\\\/schema\\\/person\\\/e3b9a601758d5ab618e9c4b633b436c3\"},\"headline\":\"S.T.R.E.T.2 -Veglat e m\u00ebsuesve 2\",\"datePublished\":\"2022-12-13T09:54:38+00:00\",\"mainEntityOfPage\":{\"@id\":\"https:\\\/\\\/arno.org.mk\\\/sq\\\/projekte\\\/s-t-r-e-t-2-veglat-e-mesuesve-2\\\/\"},\"wordCount\":555,\"image\":{\"@id\":\"https:\\\/\\\/arno.org.mk\\\/sq\\\/projekte\\\/s-t-r-e-t-2-veglat-e-mesuesve-2\\\/#primaryimage\"},\"thumbnailUrl\":\"https:\\\/\\\/arno.org.mk\\\/wp-content\\\/uploads\\\/2022\\\/12\\\/street-TT2.png\",\"articleSection\":[\"Philanthropy\",\"Projekte\"],\"inLanguage\":\"sq-AL\"},{\"@type\":\"WebPage\",\"@id\":\"https:\\\/\\\/arno.org.mk\\\/sq\\\/projekte\\\/s-t-r-e-t-2-veglat-e-mesuesve-2\\\/\",\"url\":\"https:\\\/\\\/arno.org.mk\\\/sq\\\/projekte\\\/s-t-r-e-t-2-veglat-e-mesuesve-2\\\/\",\"name\":\"S.T.R.E.T.2 -Veglat e m\u00ebsuesve 2 - ARNO\",\"isPartOf\":{\"@id\":\"https:\\\/\\\/arno.org.mk\\\/sq\\\/#website\"},\"primaryImageOfPage\":{\"@id\":\"https:\\\/\\\/arno.org.mk\\\/sq\\\/projekte\\\/s-t-r-e-t-2-veglat-e-mesuesve-2\\\/#primaryimage\"},\"image\":{\"@id\":\"https:\\\/\\\/arno.org.mk\\\/sq\\\/projekte\\\/s-t-r-e-t-2-veglat-e-mesuesve-2\\\/#primaryimage\"},\"thumbnailUrl\":\"https:\\\/\\\/arno.org.mk\\\/wp-content\\\/uploads\\\/2022\\\/12\\\/street-TT2.png\",\"datePublished\":\"2022-12-13T09:54:38+00:00\",\"author\":{\"@id\":\"https:\\\/\\\/arno.org.mk\\\/sq\\\/#\\\/schema\\\/person\\\/e3b9a601758d5ab618e9c4b633b436c3\"},\"breadcrumb\":{\"@id\":\"https:\\\/\\\/arno.org.mk\\\/sq\\\/projekte\\\/s-t-r-e-t-2-veglat-e-mesuesve-2\\\/#breadcrumb\"},\"inLanguage\":\"sq-AL\",\"potentialAction\":[{\"@type\":\"ReadAction\",\"target\":[\"https:\\\/\\\/arno.org.mk\\\/sq\\\/projekte\\\/s-t-r-e-t-2-veglat-e-mesuesve-2\\\/\"]}]},{\"@type\":\"ImageObject\",\"inLanguage\":\"sq-AL\",\"@id\":\"https:\\\/\\\/arno.org.mk\\\/sq\\\/projekte\\\/s-t-r-e-t-2-veglat-e-mesuesve-2\\\/#primaryimage\",\"url\":\"https:\\\/\\\/arno.org.mk\\\/wp-content\\\/uploads\\\/2022\\\/12\\\/street-TT2.png\",\"contentUrl\":\"https:\\\/\\\/arno.org.mk\\\/wp-content\\\/uploads\\\/2022\\\/12\\\/street-TT2.png\",\"width\":400,\"height\":400},{\"@type\":\"BreadcrumbList\",\"@id\":\"https:\\\/\\\/arno.org.mk\\\/sq\\\/projekte\\\/s-t-r-e-t-2-veglat-e-mesuesve-2\\\/#breadcrumb\",\"itemListElement\":[{\"@type\":\"ListItem\",\"position\":1,\"name\":\"Faqja kryesore\",\"item\":\"https:\\\/\\\/arno.org.mk\\\/sq\\\/\"},{\"@type\":\"ListItem\",\"position\":2,\"name\":\"S.T.R.E.T.2 -Veglat e m\u00ebsuesve 2\"}]},{\"@type\":\"WebSite\",\"@id\":\"https:\\\/\\\/arno.org.mk\\\/sq\\\/#website\",\"url\":\"https:\\\/\\\/arno.org.mk\\\/sq\\\/\",\"name\":\"ARNO\",\"description\":\"We are ARNO and we do good!\",\"potentialAction\":[{\"@type\":\"SearchAction\",\"target\":{\"@type\":\"EntryPoint\",\"urlTemplate\":\"https:\\\/\\\/arno.org.mk\\\/sq\\\/?s={search_term_string}\"},\"query-input\":{\"@type\":\"PropertyValueSpecification\",\"valueRequired\":true,\"valueName\":\"search_term_string\"}}],\"inLanguage\":\"sq-AL\"},{\"@type\":\"Person\",\"@id\":\"https:\\\/\\\/arno.org.mk\\\/sq\\\/#\\\/schema\\\/person\\\/e3b9a601758d5ab618e9c4b633b436c3\",\"name\":\"Simona Slavkova\",\"image\":{\"@type\":\"ImageObject\",\"inLanguage\":\"sq-AL\",\"@id\":\"https:\\\/\\\/secure.gravatar.com\\\/avatar\\\/3c333a087097376c8de4ed37b5f9fe0650caea9dc9435f18910c5a34441240cf?s=96&d=mm&r=g\",\"url\":\"https:\\\/\\\/secure.gravatar.com\\\/avatar\\\/3c333a087097376c8de4ed37b5f9fe0650caea9dc9435f18910c5a34441240cf?s=96&d=mm&r=g\",\"contentUrl\":\"https:\\\/\\\/secure.gravatar.com\\\/avatar\\\/3c333a087097376c8de4ed37b5f9fe0650caea9dc9435f18910c5a34441240cf?s=96&d=mm&r=g\",\"caption\":\"Simona Slavkova\"},\"url\":\"https:\\\/\\\/arno.org.mk\\\/sq\\\/author\\\/simona\\\/\"}]}<\/script>\n<!-- \/ Yoast SEO plugin. -->","yoast_head_json":{"title":"S.T.R.E.T.2 -Veglat e m\u00ebsuesve 2 - ARNO","robots":{"index":"index","follow":"follow","max-snippet":"max-snippet:-1","max-image-preview":"max-image-preview:large","max-video-preview":"max-video-preview:-1"},"canonical":"https:\/\/arno.org.mk\/sq\/projekte\/s-t-r-e-t-2-veglat-e-mesuesve-2\/","og_locale":"sq_AL","og_type":"article","og_title":"S.T.R.E.T.2 -Veglat e m\u00ebsuesve 2 - ARNO","og_description":"STRET TT 2 \u00ebsht\u00eb edicioni i dyt\u00eb i projektit &#8220;Student\u00eb sot sip\u00ebrmarr\u00ebs t\u00eb p\u00ebrgjegjsh\u00ebm nes\u00ebr &#8211; Veglat e m\u00ebsuesve&#8221; , I cili synon t\u00eb rris\u00eb... [...]Read More...","og_url":"https:\/\/arno.org.mk\/sq\/projekte\/s-t-r-e-t-2-veglat-e-mesuesve-2\/","og_site_name":"ARNO","article_publisher":"https:\/\/www.facebook.com\/ARNO.Social.Innovation","article_published_time":"2022-12-13T09:54:38+00:00","og_image":[{"width":400,"height":400,"url":"https:\/\/arno.org.mk\/wp-content\/uploads\/2022\/12\/street-TT2.png","type":"image\/png"}],"author":"Simona Slavkova","twitter_card":"summary_large_image","twitter_creator":"@ARNO_mkd","twitter_site":"@ARNO_mkd","twitter_misc":{"Written by":"Simona Slavkova","Est. reading time":"3 minutes"},"schema":{"@context":"https:\/\/schema.org","@graph":[{"@type":"Article","@id":"https:\/\/arno.org.mk\/sq\/projekte\/s-t-r-e-t-2-veglat-e-mesuesve-2\/#article","isPartOf":{"@id":"https:\/\/arno.org.mk\/sq\/projekte\/s-t-r-e-t-2-veglat-e-mesuesve-2\/"},"author":{"name":"Simona Slavkova","@id":"https:\/\/arno.org.mk\/sq\/#\/schema\/person\/e3b9a601758d5ab618e9c4b633b436c3"},"headline":"S.T.R.E.T.2 -Veglat e m\u00ebsuesve 2","datePublished":"2022-12-13T09:54:38+00:00","mainEntityOfPage":{"@id":"https:\/\/arno.org.mk\/sq\/projekte\/s-t-r-e-t-2-veglat-e-mesuesve-2\/"},"wordCount":555,"image":{"@id":"https:\/\/arno.org.mk\/sq\/projekte\/s-t-r-e-t-2-veglat-e-mesuesve-2\/#primaryimage"},"thumbnailUrl":"https:\/\/arno.org.mk\/wp-content\/uploads\/2022\/12\/street-TT2.png","articleSection":["Philanthropy","Projekte"],"inLanguage":"sq-AL"},{"@type":"WebPage","@id":"https:\/\/arno.org.mk\/sq\/projekte\/s-t-r-e-t-2-veglat-e-mesuesve-2\/","url":"https:\/\/arno.org.mk\/sq\/projekte\/s-t-r-e-t-2-veglat-e-mesuesve-2\/","name":"S.T.R.E.T.2 -Veglat e m\u00ebsuesve 2 - ARNO","isPartOf":{"@id":"https:\/\/arno.org.mk\/sq\/#website"},"primaryImageOfPage":{"@id":"https:\/\/arno.org.mk\/sq\/projekte\/s-t-r-e-t-2-veglat-e-mesuesve-2\/#primaryimage"},"image":{"@id":"https:\/\/arno.org.mk\/sq\/projekte\/s-t-r-e-t-2-veglat-e-mesuesve-2\/#primaryimage"},"thumbnailUrl":"https:\/\/arno.org.mk\/wp-content\/uploads\/2022\/12\/street-TT2.png","datePublished":"2022-12-13T09:54:38+00:00","author":{"@id":"https:\/\/arno.org.mk\/sq\/#\/schema\/person\/e3b9a601758d5ab618e9c4b633b436c3"},"breadcrumb":{"@id":"https:\/\/arno.org.mk\/sq\/projekte\/s-t-r-e-t-2-veglat-e-mesuesve-2\/#breadcrumb"},"inLanguage":"sq-AL","potentialAction":[{"@type":"ReadAction","target":["https:\/\/arno.org.mk\/sq\/projekte\/s-t-r-e-t-2-veglat-e-mesuesve-2\/"]}]},{"@type":"ImageObject","inLanguage":"sq-AL","@id":"https:\/\/arno.org.mk\/sq\/projekte\/s-t-r-e-t-2-veglat-e-mesuesve-2\/#primaryimage","url":"https:\/\/arno.org.mk\/wp-content\/uploads\/2022\/12\/street-TT2.png","contentUrl":"https:\/\/arno.org.mk\/wp-content\/uploads\/2022\/12\/street-TT2.png","width":400,"height":400},{"@type":"BreadcrumbList","@id":"https:\/\/arno.org.mk\/sq\/projekte\/s-t-r-e-t-2-veglat-e-mesuesve-2\/#breadcrumb","itemListElement":[{"@type":"ListItem","position":1,"name":"Faqja kryesore","item":"https:\/\/arno.org.mk\/sq\/"},{"@type":"ListItem","position":2,"name":"S.T.R.E.T.2 -Veglat e m\u00ebsuesve 2"}]},{"@type":"WebSite","@id":"https:\/\/arno.org.mk\/sq\/#website","url":"https:\/\/arno.org.mk\/sq\/","name":"ARNO","description":"We are ARNO and we do good!","potentialAction":[{"@type":"SearchAction","target":{"@type":"EntryPoint","urlTemplate":"https:\/\/arno.org.mk\/sq\/?s={search_term_string}"},"query-input":{"@type":"PropertyValueSpecification","valueRequired":true,"valueName":"search_term_string"}}],"inLanguage":"sq-AL"},{"@type":"Person","@id":"https:\/\/arno.org.mk\/sq\/#\/schema\/person\/e3b9a601758d5ab618e9c4b633b436c3","name":"Simona Slavkova","image":{"@type":"ImageObject","inLanguage":"sq-AL","@id":"https:\/\/secure.gravatar.com\/avatar\/3c333a087097376c8de4ed37b5f9fe0650caea9dc9435f18910c5a34441240cf?s=96&d=mm&r=g","url":"https:\/\/secure.gravatar.com\/avatar\/3c333a087097376c8de4ed37b5f9fe0650caea9dc9435f18910c5a34441240cf?s=96&d=mm&r=g","contentUrl":"https:\/\/secure.gravatar.com\/avatar\/3c333a087097376c8de4ed37b5f9fe0650caea9dc9435f18910c5a34441240cf?s=96&d=mm&r=g","caption":"Simona Slavkova"},"url":"https:\/\/arno.org.mk\/sq\/author\/simona\/"}]}},"_links":{"self":[{"href":"https:\/\/arno.org.mk\/sq\/wp-json\/wp\/v2\/posts\/5304","targetHints":{"allow":["GET"]}}],"collection":[{"href":"https:\/\/arno.org.mk\/sq\/wp-json\/wp\/v2\/posts"}],"about":[{"href":"https:\/\/arno.org.mk\/sq\/wp-json\/wp\/v2\/types\/post"}],"author":[{"embeddable":true,"href":"https:\/\/arno.org.mk\/sq\/wp-json\/wp\/v2\/users\/5"}],"replies":[{"embeddable":true,"href":"https:\/\/arno.org.mk\/sq\/wp-json\/wp\/v2\/comments?post=5304"}],"version-history":[{"count":0,"href":"https:\/\/arno.org.mk\/sq\/wp-json\/wp\/v2\/posts\/5304\/revisions"}],"wp:featuredmedia":[{"embeddable":true,"href":"https:\/\/arno.org.mk\/sq\/wp-json\/wp\/v2\/media\/5279"}],"wp:attachment":[{"href":"https:\/\/arno.org.mk\/sq\/wp-json\/wp\/v2\/media?parent=5304"}],"wp:term":[{"taxonomy":"category","embeddable":true,"href":"https:\/\/arno.org.mk\/sq\/wp-json\/wp\/v2\/categories?post=5304"},{"taxonomy":"post_tag","embeddable":true,"href":"https:\/\/arno.org.mk\/sq\/wp-json\/wp\/v2\/tags?post=5304"}],"curies":[{"name":"wp","href":"https:\/\/api.w.org\/{rel}","templated":true}]}}